{"id":2530,"date":"2022-06-08T08:26:30","date_gmt":"2022-06-08T06:26:30","guid":{"rendered":"https:\/\/sv-koerne83.de\/wordpress\/?p=2530"},"modified":"2022-06-08T08:26:31","modified_gmt":"2022-06-08T06:26:31","slug":"abstiegsspiele-zur-kreisliga-c","status":"publish","type":"post","link":"https:\/\/sv-koerne83.de\/wordpress\/2022\/06\/08\/abstiegsspiele-zur-kreisliga-c\/","title":{"rendered":"Abstiegsspiele zur Kreisliga C"},"content":{"rendered":"\n<p>Am Samstag finden bei uns auf der Sportanlage zwei Relegationsspiele statt. Ermittelt werden zwei Absteiger in die Kreisliga C. Aus den vier Kreisliga B Gruppen werden zwei Mannschaften noch den Weg in die Kreisliga C antreten m\u00fcssen. Die Partien wurden gelost. <\/p>\n\n\n\n<p>Somit trifft RW Germania II auf das Team von SuS Derne. Ansto\u00df dieser Partie ist um 14.30 Uhr. Im zweiten Spiel begegnen sich die Mannschaften vom SV Westrich II und vom BV L\u00fcnen 05 II. Dieses Spiel wird um 17.00 Uhr angepfiffen. <\/p>\n\n\n\n<p>Der Eintritt zu diesen Spielen wird vom Fu\u00dfballkreis Dortmund festgelegt. Erwachsene zahlen 5,00 Euro und f\u00fcr Jugendliche betr\u00e4gt der Eintritt 2,00 Euro. Anders als bei unseren Heimspielen, m\u00fcssen Frauen ebenfalls Eintritt zahlen. Wir sehen uns Samstag im Affenk\u00e4fig!<\/p>\n","protected":false},"excerpt":{"rendered":"<p>Am Samstag finden bei uns auf der Sportanlage zwei Relegationsspiele statt. Ermittelt werden zwei Absteiger in die Kreisliga C. Aus den vier Kreisliga B Gruppen werden zwei Mannschaften noch den [&hellip;]<\/p>\n","protected":false},"author":2,"featured_media":2529,"comment_status":"closed","ping_status":"open","sticky":false,"template":"","format":"standard","meta":{"_jetpack_memberships_contains_paid_content":false,"footnotes":""},"categories":[1],"tags":[],"class_list":["post-2530","post","type-post","status-publish","format-standard","has-post-thumbnail","hentry","category-allgemein"],"jetpack_sharing_enabled":true,"jetpack_featured_media_url":"https:\/\/sv-koerne83.de\/wordpress\/wp-content\/uploads\/2022\/06\/SVK_Instagram_Relegation_KLB2-scaled.jpg","_links":{"self":[{"href":"https:\/\/sv-koerne83.de\/wordpress\/wp-json\/wp\/v2\/posts\/2530","targetHints":{"allow":["GET"]}}],"collection":[{"href":"https:\/\/sv-koerne83.de\/wordpress\/wp-json\/wp\/v2\/posts"}],"about":[{"href":"https:\/\/sv-koerne83.de\/wordpress\/wp-json\/wp\/v2\/types\/post"}],"author":[{"embeddable":true,"href":"https:\/\/sv-koerne83.de\/wordpress\/wp-json\/wp\/v2\/users\/2"}],"replies":[{"embeddable":true,"href":"https:\/\/sv-koerne83.de\/wordpress\/wp-json\/wp\/v2\/comments?post=2530"}],"version-history":[{"count":2,"href":"https:\/\/sv-koerne83.de\/wordpress\/wp-json\/wp\/v2\/posts\/2530\/revisions"}],"predecessor-version":[{"id":2532,"href":"https:\/\/sv-koerne83.de\/wordpress\/wp-json\/wp\/v2\/posts\/2530\/revisions\/2532"}],"wp:featuredmedia":[{"embeddable":true,"href":"https:\/\/sv-koerne83.de\/wordpress\/wp-json\/wp\/v2\/media\/2529"}],"wp:attachment":[{"href":"https:\/\/sv-koerne83.de\/wordpress\/wp-json\/wp\/v2\/media?parent=2530"}],"wp:term":[{"taxonomy":"category","embeddable":true,"href":"https:\/\/sv-koerne83.de\/wordpress\/wp-json\/wp\/v2\/categories?post=2530"},{"taxonomy":"post_tag","embeddable":true,"href":"https:\/\/sv-koerne83.de\/wordpress\/wp-json\/wp\/v2\/tags?post=2530"}],"curies":[{"name":"wp","href":"https:\/\/api.w.org\/{rel}","templated":true}]}}