{"id":2545,"date":"2022-06-14T14:13:36","date_gmt":"2022-06-14T12:13:36","guid":{"rendered":"https:\/\/sv-koerne83.de\/wordpress\/?p=2545"},"modified":"2022-06-14T14:13:37","modified_gmt":"2022-06-14T12:13:37","slug":"maedchen-team-startet-mit-dem-training","status":"publish","type":"post","link":"https:\/\/sv-koerne83.de\/wordpress\/2022\/06\/14\/maedchen-team-startet-mit-dem-training\/","title":{"rendered":"M\u00e4dchen-Team startet mit dem Training"},"content":{"rendered":"\n<p>Am gestrigen Montag starteten wir mit dem Training f\u00fcr unsere M\u00e4dchenmannschaft. Wir konnten direkt 8 interessierte M\u00e4dchen zwischen 12 und 16 Jahren begr\u00fc\u00dfen, die eine Einheit mit der Trainerin Teuta \u201eTutti\u201c Pireci absolvieren konnten. Am n\u00e4chsten Montag findet dann die n\u00e4chste Trainingseinheit von 16.30 Uhr bis 18.00 Uhr statt. Jedes M\u00e4dchen ist dazu herzlich eingeladen. Egal, ob du schonmal Fu\u00dfball gespielt hast oder neu anfangen m\u00f6chtest. Komm einfach vorbei.<\/p>\n","protected":false},"excerpt":{"rendered":"<p>Am gestrigen Montag starteten wir mit dem Training f\u00fcr unsere M\u00e4dchenmannschaft. Wir konnten direkt 8 interessierte M\u00e4dchen zwischen 12 und 16 Jahren begr\u00fc\u00dfen, die eine Einheit mit der Trainerin Teuta [&hellip;]<\/p>\n","protected":false},"author":2,"featured_media":2546,"comment_status":"closed","ping_status":"open","sticky":false,"template":"","format":"standard","meta":{"_jetpack_memberships_contains_paid_content":false,"footnotes":""},"categories":[1],"tags":[],"class_list":["post-2545","post","type-post","status-publish","format-standard","has-post-thumbnail","hentry","category-allgemein"],"jetpack_sharing_enabled":true,"jetpack_featured_media_url":"https:\/\/sv-koerne83.de\/wordpress\/wp-content\/uploads\/2022\/06\/A8773F04-E042-4F62-8334-C804A310169D-scaled.jpeg","_links":{"self":[{"href":"https:\/\/sv-koerne83.de\/wordpress\/wp-json\/wp\/v2\/posts\/2545","targetHints":{"allow":["GET"]}}],"collection":[{"href":"https:\/\/sv-koerne83.de\/wordpress\/wp-json\/wp\/v2\/posts"}],"about":[{"href":"https:\/\/sv-koerne83.de\/wordpress\/wp-json\/wp\/v2\/types\/post"}],"author":[{"embeddable":true,"href":"https:\/\/sv-koerne83.de\/wordpress\/wp-json\/wp\/v2\/users\/2"}],"replies":[{"embeddable":true,"href":"https:\/\/sv-koerne83.de\/wordpress\/wp-json\/wp\/v2\/comments?post=2545"}],"version-history":[{"count":1,"href":"https:\/\/sv-koerne83.de\/wordpress\/wp-json\/wp\/v2\/posts\/2545\/revisions"}],"predecessor-version":[{"id":2547,"href":"https:\/\/sv-koerne83.de\/wordpress\/wp-json\/wp\/v2\/posts\/2545\/revisions\/2547"}],"wp:featuredmedia":[{"embeddable":true,"href":"https:\/\/sv-koerne83.de\/wordpress\/wp-json\/wp\/v2\/media\/2546"}],"wp:attachment":[{"href":"https:\/\/sv-koerne83.de\/wordpress\/wp-json\/wp\/v2\/media?parent=2545"}],"wp:term":[{"taxonomy":"category","embeddable":true,"href":"https:\/\/sv-koerne83.de\/wordpress\/wp-json\/wp\/v2\/categories?post=2545"},{"taxonomy":"post_tag","embeddable":true,"href":"https:\/\/sv-koerne83.de\/wordpress\/wp-json\/wp\/v2\/tags?post=2545"}],"curies":[{"name":"wp","href":"https:\/\/api.w.org\/{rel}","templated":true}]}}