{"id":2549,"date":"2022-07-05T10:32:26","date_gmt":"2022-07-05T08:32:26","guid":{"rendered":"https:\/\/sv-koerne83.de\/wordpress\/?p=2549"},"modified":"2022-07-05T10:32:26","modified_gmt":"2022-07-05T08:32:26","slug":"39-koerner-treff-mit-starkem-programm","status":"publish","type":"post","link":"https:\/\/sv-koerne83.de\/wordpress\/2022\/07\/05\/39-koerner-treff-mit-starkem-programm\/","title":{"rendered":"39. K\u00f6rner Treff mit starkem Programm"},"content":{"rendered":"\n<p>Auch in diesem Jahr findet der K\u00f6rner Treff auf der Sportanlage des SV K\u00f6rne 83 statt. Die vergangenen zwei Jahre haben gezeigt, dass die Veranstaltung auf unserer Sportanlage von zahlreichen G\u00e4sten besucht wurde. In diesem Jahr wird die Veranstaltung durch namhafte K\u00fcnstler aufgewertet.<\/p>\n\n\n\n<p>Am Freitag, den 05.08.2022 ab 18.30 Uhr, treten mit Andrea Foubister Thomsen und Marcus Magnus zwei richtige Kracher auf. Andrea begeisterte schon in den 90er Jahren das Publikum auf dem K\u00f6rner Treff. Unvergesslich das Highlight \u201eMillennium 1999\/2000\u201c im ehemaligen Co-Op Saal in Brackel. Zauberer, Bauchredner und S\u00e4nger Marcus Magnus ist der Stargast des Freitags. DJ Ralf und DJ IGL runden den Abend ab.&nbsp;Karten gibt es im Vorverkauf f\u00fcr 5,00 Euro und an der Abendkasse f\u00fcr 10,00 Euro.<br><br>Der Samstag steht im Zeichen \u201eKinder und Familie\u201c. Von 13.00 Uhr bis 17.00 Uhr laden Aktionen wie eine H\u00fcpfburg, Wasserspiele, Torwandschiessen, Kinderdisco zu einem gem\u00fctlichen Nachmittag ein. Zauberer MrTom wird mit zwei unterschiedlichen Shows zwischen 14.00 und 16.00 Uhr begeistern.<br><br>Dank der Unterst\u00fctzung vom Stadtbezirksmarketing, der Dortmunder Volksbank, der Sparkasse und den drei K\u00f6rner Apotheken (K\u00f6rnebach-Apotheke, Zehnthof-Apotheke und Mohren Apotheke), ist der Eintritt f\u00fcr das Kinderfest frei.<br><br>Der Einlass f\u00fcr das Abendprogramm am Samstag startet um 18.00 Uhr. S\u00e4ngerin und T\u00e4nzerin Sara Taimouri und Andrea Foubister Thompson gestalten den fr\u00fchen Abend.&nbsp;Aufgrund des BVB Spiels pr\u00e4sentieren&nbsp;wir die neue Antonella Rossi Show erst ab 21:30 Uhr.<br><br>Die Karten gibt es im Vorverkauf f\u00fcr 10,00 Euro und an der Abendkasse 15,00 Euro.<br><br>Unsere Vorverkaufsstellen sind:<br>Zehnthof Apotheke<br>Vereinsheim SV K\u00f6rne 83<\/p>\n\n\n\n<p> <\/p>\n","protected":false},"excerpt":{"rendered":"<p>Auch in diesem Jahr findet der K\u00f6rner Treff auf der Sportanlage des SV K\u00f6rne 83 statt. Die vergangenen zwei Jahre haben gezeigt, dass die Veranstaltung auf unserer Sportanlage von zahlreichen [&hellip;]<\/p>\n","protected":false},"author":2,"featured_media":2550,"comment_status":"closed","ping_status":"open","sticky":false,"template":"","format":"standard","meta":{"_jetpack_memberships_contains_paid_content":false,"footnotes":""},"categories":[1],"tags":[],"class_list":["post-2549","post","type-post","status-publish","format-standard","has-post-thumbnail","hentry","category-allgemein"],"jetpack_sharing_enabled":true,"jetpack_featured_media_url":"https:\/\/sv-koerne83.de\/wordpress\/wp-content\/uploads\/2022\/06\/Koerner_Treff_Veranstaltung_HP_1280x720-scaled.jpg","_links":{"self":[{"href":"https:\/\/sv-koerne83.de\/wordpress\/wp-json\/wp\/v2\/posts\/2549","targetHints":{"allow":["GET"]}}],"collection":[{"href":"https:\/\/sv-koerne83.de\/wordpress\/wp-json\/wp\/v2\/posts"}],"about":[{"href":"https:\/\/sv-koerne83.de\/wordpress\/wp-json\/wp\/v2\/types\/post"}],"author":[{"embeddable":true,"href":"https:\/\/sv-koerne83.de\/wordpress\/wp-json\/wp\/v2\/users\/2"}],"replies":[{"embeddable":true,"href":"https:\/\/sv-koerne83.de\/wordpress\/wp-json\/wp\/v2\/comments?post=2549"}],"version-history":[{"count":2,"href":"https:\/\/sv-koerne83.de\/wordpress\/wp-json\/wp\/v2\/posts\/2549\/revisions"}],"predecessor-version":[{"id":2557,"href":"https:\/\/sv-koerne83.de\/wordpress\/wp-json\/wp\/v2\/posts\/2549\/revisions\/2557"}],"wp:featuredmedia":[{"embeddable":true,"href":"https:\/\/sv-koerne83.de\/wordpress\/wp-json\/wp\/v2\/media\/2550"}],"wp:attachment":[{"href":"https:\/\/sv-koerne83.de\/wordpress\/wp-json\/wp\/v2\/media?parent=2549"}],"wp:term":[{"taxonomy":"category","embeddable":true,"href":"https:\/\/sv-koerne83.de\/wordpress\/wp-json\/wp\/v2\/categories?post=2549"},{"taxonomy":"post_tag","embeddable":true,"href":"https:\/\/sv-koerne83.de\/wordpress\/wp-json\/wp\/v2\/tags?post=2549"}],"curies":[{"name":"wp","href":"https:\/\/api.w.org\/{rel}","templated":true}]}}