{"id":2552,"date":"2022-07-04T09:37:00","date_gmt":"2022-07-04T07:37:00","guid":{"rendered":"https:\/\/sv-koerne83.de\/wordpress\/?p=2552"},"modified":"2022-07-04T09:40:15","modified_gmt":"2022-07-04T07:40:15","slug":"saisoneroeffnung-mit-dem-affenkaefig-cup","status":"publish","type":"post","link":"https:\/\/sv-koerne83.de\/wordpress\/2022\/07\/04\/saisoneroeffnung-mit-dem-affenkaefig-cup\/","title":{"rendered":"Saisoner\u00f6ffnung mit dem Affenk\u00e4fig-Cup"},"content":{"rendered":"\n<p>Am vergangenen Samstag fand bei uns auf der Sportanlagen die diesj\u00e4hrige Saisoner\u00f6ffnung statt. Bei unserem internen Trainingsturnier, dem Affenk\u00e4fig-Cup, traten Mannschaften gegeneinander an, die erst kurz vor Beginn per Losverfahren zusammengestellt wurden.&nbsp;<\/p>\n\n\n\n<p>Spieler aus der ersten, zweiten und dritten Mannschaft, der Altherren, der A-Jugend, wie auch Spielerinnen aus dem Frauen-Team befanden sich im Lostopf. Erst ein paar Minuten vor dem Anpfiff wussten die Spielerinnen und Spieler mit wem sie zusammenspielen. Am Ende konnte sich das Team Tobi durchsetzen. Die Gewinner wurden mit k\u00fchlen Getr\u00e4nken und einer Urkunde belohnt.&nbsp;&nbsp;<\/p>\n\n\n\n<p>Diese Saisoner\u00f6ffnung sollte den Zusammenhalt aller Mannschaften f\u00f6rdern. Die Idee entstand schon vor fast zwei Jahren, zusammen mit Mario Sopar und Tobias Schigowski. Leider hatte Corona die Durchf\u00fchrung verhindert.\u00a0<\/p>\n","protected":false},"excerpt":{"rendered":"<p>Am vergangenen Samstag fand bei uns auf der Sportanlagen die diesj\u00e4hrige Saisoner\u00f6ffnung statt. Bei unserem internen Trainingsturnier, dem Affenk\u00e4fig-Cup, traten Mannschaften gegeneinander an, die erst kurz vor Beginn per Losverfahren [&hellip;]<\/p>\n","protected":false},"author":2,"featured_media":2554,"comment_status":"closed","ping_status":"open","sticky":false,"template":"","format":"standard","meta":{"_jetpack_memberships_contains_paid_content":false,"footnotes":""},"categories":[30,31,32,1,34,45,35],"tags":[],"class_list":["post-2552","post","type-post","status-publish","format-standard","has-post-thumbnail","hentry","category-1-mannschaft","category-2-mannschaft","category-3-mannschaft","category-allgemein","category-alte-herren","category-frauen","category-jugend"],"jetpack_sharing_enabled":true,"jetpack_featured_media_url":"https:\/\/sv-koerne83.de\/wordpress\/wp-content\/uploads\/2022\/07\/affenkaefig-cup.jpg","_links":{"self":[{"href":"https:\/\/sv-koerne83.de\/wordpress\/wp-json\/wp\/v2\/posts\/2552","targetHints":{"allow":["GET"]}}],"collection":[{"href":"https:\/\/sv-koerne83.de\/wordpress\/wp-json\/wp\/v2\/posts"}],"about":[{"href":"https:\/\/sv-koerne83.de\/wordpress\/wp-json\/wp\/v2\/types\/post"}],"author":[{"embeddable":true,"href":"https:\/\/sv-koerne83.de\/wordpress\/wp-json\/wp\/v2\/users\/2"}],"replies":[{"embeddable":true,"href":"https:\/\/sv-koerne83.de\/wordpress\/wp-json\/wp\/v2\/comments?post=2552"}],"version-history":[{"count":3,"href":"https:\/\/sv-koerne83.de\/wordpress\/wp-json\/wp\/v2\/posts\/2552\/revisions"}],"predecessor-version":[{"id":2556,"href":"https:\/\/sv-koerne83.de\/wordpress\/wp-json\/wp\/v2\/posts\/2552\/revisions\/2556"}],"wp:featuredmedia":[{"embeddable":true,"href":"https:\/\/sv-koerne83.de\/wordpress\/wp-json\/wp\/v2\/media\/2554"}],"wp:attachment":[{"href":"https:\/\/sv-koerne83.de\/wordpress\/wp-json\/wp\/v2\/media?parent=2552"}],"wp:term":[{"taxonomy":"category","embeddable":true,"href":"https:\/\/sv-koerne83.de\/wordpress\/wp-json\/wp\/v2\/categories?post=2552"},{"taxonomy":"post_tag","embeddable":true,"href":"https:\/\/sv-koerne83.de\/wordpress\/wp-json\/wp\/v2\/tags?post=2552"}],"curies":[{"name":"wp","href":"https:\/\/api.w.org\/{rel}","templated":true}]}}