{"id":261,"date":"2019-07-18T12:23:46","date_gmt":"2019-07-18T10:23:46","guid":{"rendered":"https:\/\/sv-koerne83.de\/wordpress\/?p=261"},"modified":"2019-07-19T14:56:54","modified_gmt":"2019-07-19T12:56:54","slug":"testspiele-am-wochenende","status":"publish","type":"post","link":"https:\/\/sv-koerne83.de\/wordpress\/2019\/07\/18\/testspiele-am-wochenende\/","title":{"rendered":"Testspiele am Wochenende"},"content":{"rendered":"\n<p>Am n\u00e4chsten Wochenende finden erneut Vorbereitungsspiele im Seniorenbereich statt. <\/p>\n\n\n\n<p>Die 1. Mannschaft empf\u00e4ngt am Sonntag den TuS Eichlinghofen II. Die Eichlinghofener spielen ebenfalls in der Kreisliga B. Ansto\u00df an der Hohwartschule ist um 15.00 Uhr. <\/p>\n\n\n\n<p>Die 2. Mannschaft reist am Samstag zu den Sportfreunden nach Brackel und trifft dort auf die 3. Mannschaft. Ansto\u00df am Brauksweg ist um 15.30 Uhr<\/p>\n\n\n\n<p>Die 3. Mannschaft testet am Sonntag gegen den FC Dortmund &#8217;18. Der Gegner vom Mendeplatz spielt aktuell seine 2. Saison. Ansto\u00df an der Hohwartschule ist um 13.00 Uhr.<\/p>\n\n\n\n<p>Die 4. Mannschaft empf\u00e4ngt ebenfalls am Sonntag die Zweitvertretung vom FC Dortmund &#8217;18. Ansto\u00df an der Hohwartschule ist um 11.00 Uhr. <\/p>\n","protected":false},"excerpt":{"rendered":"<p>Am n\u00e4chsten Wochenende finden erneut Vorbereitungsspiele im Seniorenbereich statt. Die 1. Mannschaft empf\u00e4ngt am Sonntag den TuS Eichlinghofen II. Die Eichlinghofener spielen ebenfalls in der Kreisliga B. Ansto\u00df an der [&hellip;]<\/p>\n","protected":false},"author":2,"featured_media":66,"comment_status":"closed","ping_status":"open","sticky":false,"template":"","format":"standard","meta":{"_jetpack_memberships_contains_paid_content":false,"footnotes":""},"categories":[30,31,32,33,1],"tags":[],"class_list":["post-261","post","type-post","status-publish","format-standard","has-post-thumbnail","hentry","category-1-mannschaft","category-2-mannschaft","category-3-mannschaft","category-4-mannschaft","category-allgemein"],"jetpack_sharing_enabled":true,"jetpack_featured_media_url":"https:\/\/sv-koerne83.de\/wordpress\/wp-content\/uploads\/2019\/06\/Fotolia_65501332_XS_skalliert.jpg","_links":{"self":[{"href":"https:\/\/sv-koerne83.de\/wordpress\/wp-json\/wp\/v2\/posts\/261","targetHints":{"allow":["GET"]}}],"collection":[{"href":"https:\/\/sv-koerne83.de\/wordpress\/wp-json\/wp\/v2\/posts"}],"about":[{"href":"https:\/\/sv-koerne83.de\/wordpress\/wp-json\/wp\/v2\/types\/post"}],"author":[{"embeddable":true,"href":"https:\/\/sv-koerne83.de\/wordpress\/wp-json\/wp\/v2\/users\/2"}],"replies":[{"embeddable":true,"href":"https:\/\/sv-koerne83.de\/wordpress\/wp-json\/wp\/v2\/comments?post=261"}],"version-history":[{"count":1,"href":"https:\/\/sv-koerne83.de\/wordpress\/wp-json\/wp\/v2\/posts\/261\/revisions"}],"predecessor-version":[{"id":262,"href":"https:\/\/sv-koerne83.de\/wordpress\/wp-json\/wp\/v2\/posts\/261\/revisions\/262"}],"wp:featuredmedia":[{"embeddable":true,"href":"https:\/\/sv-koerne83.de\/wordpress\/wp-json\/wp\/v2\/media\/66"}],"wp:attachment":[{"href":"https:\/\/sv-koerne83.de\/wordpress\/wp-json\/wp\/v2\/media?parent=261"}],"wp:term":[{"taxonomy":"category","embeddable":true,"href":"https:\/\/sv-koerne83.de\/wordpress\/wp-json\/wp\/v2\/categories?post=261"},{"taxonomy":"post_tag","embeddable":true,"href":"https:\/\/sv-koerne83.de\/wordpress\/wp-json\/wp\/v2\/tags?post=261"}],"curies":[{"name":"wp","href":"https:\/\/api.w.org\/{rel}","templated":true}]}}