{"id":2629,"date":"2022-08-18T12:22:12","date_gmt":"2022-08-18T10:22:12","guid":{"rendered":"https:\/\/sv-koerne83.de\/wordpress\/?p=2629"},"modified":"2022-08-18T12:22:13","modified_gmt":"2022-08-18T10:22:13","slug":"1-mannschaft-empfaengt-die-sg-gahmen","status":"publish","type":"post","link":"https:\/\/sv-koerne83.de\/wordpress\/2022\/08\/18\/1-mannschaft-empfaengt-die-sg-gahmen\/","title":{"rendered":"1. Mannschaft empf\u00e4ngt die SG Gahmen"},"content":{"rendered":"\n<p>Die 1. Mannschaft empf\u00e4ngt am Sonntag den selbsternannten Aufstiegskandidaten aus Gahmen. Die Gahmener konnten, unter ihrem neuen sportlichen Leiter Hasan Kayabasi, das erste Saisonspiel mit 2:0 gegen TuS K\u00f6rne II gewinnen. Trainer Kadir Kaya musste in dieser Saison den Abgang von ehemaligen Kapit\u00e4n Kadir Koc verkraften, dennoch k\u00f6nnten die Gahmener auch einige Neuzug\u00e4nge pr\u00e4sentieren.<\/p>\n\n\n\n<p>F\u00fcr das Team von Trainer Viktor Pusch ist es bereits der zweite schwere Gegner im zweiten Saisonspiel. Das erste Saisonspiel konnte man beim TuS Holzen-Sommerberg mit 2:1 gewinnen. Ansto\u00df am Winkelriedweg ist um 15.00 Uhr. Wir sehen uns im Affenk\u00e4fig!<\/p>\n","protected":false},"excerpt":{"rendered":"<p>Die 1. Mannschaft empf\u00e4ngt am Sonntag den selbsternannten Aufstiegskandidaten aus Gahmen. Die Gahmener konnten, unter ihrem neuen sportlichen Leiter Hasan Kayabasi, das erste Saisonspiel mit 2:0 gegen TuS K\u00f6rne II [&hellip;]<\/p>\n","protected":false},"author":2,"featured_media":2630,"comment_status":"closed","ping_status":"open","sticky":false,"template":"","format":"standard","meta":{"_jetpack_memberships_contains_paid_content":false,"footnotes":""},"categories":[30,1],"tags":[],"class_list":["post-2629","post","type-post","status-publish","format-standard","has-post-thumbnail","hentry","category-1-mannschaft","category-allgemein"],"jetpack_sharing_enabled":true,"jetpack_featured_media_url":"https:\/\/sv-koerne83.de\/wordpress\/wp-content\/uploads\/2022\/08\/SVK_Spieltagsankuendigung_2022_2023_erste2-1.png","_links":{"self":[{"href":"https:\/\/sv-koerne83.de\/wordpress\/wp-json\/wp\/v2\/posts\/2629","targetHints":{"allow":["GET"]}}],"collection":[{"href":"https:\/\/sv-koerne83.de\/wordpress\/wp-json\/wp\/v2\/posts"}],"about":[{"href":"https:\/\/sv-koerne83.de\/wordpress\/wp-json\/wp\/v2\/types\/post"}],"author":[{"embeddable":true,"href":"https:\/\/sv-koerne83.de\/wordpress\/wp-json\/wp\/v2\/users\/2"}],"replies":[{"embeddable":true,"href":"https:\/\/sv-koerne83.de\/wordpress\/wp-json\/wp\/v2\/comments?post=2629"}],"version-history":[{"count":1,"href":"https:\/\/sv-koerne83.de\/wordpress\/wp-json\/wp\/v2\/posts\/2629\/revisions"}],"predecessor-version":[{"id":2631,"href":"https:\/\/sv-koerne83.de\/wordpress\/wp-json\/wp\/v2\/posts\/2629\/revisions\/2631"}],"wp:featuredmedia":[{"embeddable":true,"href":"https:\/\/sv-koerne83.de\/wordpress\/wp-json\/wp\/v2\/media\/2630"}],"wp:attachment":[{"href":"https:\/\/sv-koerne83.de\/wordpress\/wp-json\/wp\/v2\/media?parent=2629"}],"wp:term":[{"taxonomy":"category","embeddable":true,"href":"https:\/\/sv-koerne83.de\/wordpress\/wp-json\/wp\/v2\/categories?post=2629"},{"taxonomy":"post_tag","embeddable":true,"href":"https:\/\/sv-koerne83.de\/wordpress\/wp-json\/wp\/v2\/tags?post=2629"}],"curies":[{"name":"wp","href":"https:\/\/api.w.org\/{rel}","templated":true}]}}