{"id":2635,"date":"2022-08-22T09:17:33","date_gmt":"2022-08-22T07:17:33","guid":{"rendered":"https:\/\/sv-koerne83.de\/wordpress\/?p=2635"},"modified":"2022-08-22T09:19:03","modified_gmt":"2022-08-22T07:19:03","slug":"gelungener-saisonauftakt-der-d2","status":"publish","type":"post","link":"https:\/\/sv-koerne83.de\/wordpress\/2022\/08\/22\/gelungener-saisonauftakt-der-d2\/","title":{"rendered":"Gelungener Saisonauftakt der D2"},"content":{"rendered":"\n<p>Mit einem 4:1 (3:1) &#8211; Heimsieg gegen den Lokalrivalen DJK TuS K\u00f6rne III startete die D2 in die Saison.&nbsp;Nur kurz war die Vorbereitung. Umso erfreulicher die Erkenntnis, dass die Umstellung auf die D-Jugend-Bedingungen schon ganz gut klappte.&nbsp;<\/p>\n\n\n\n<p>Ein starker Beginn brachte bereits in der 2. Minute das 1:0 durch Lucas.\u00a0 Kjell, der sich in seiner neuen Rolle im Sturm sichtbar wohl f\u00fchlte, erzielte in Mittelst\u00fcrmermanier das 2:0. Als nach 20 Minuten Jaki das 3:0 markierte schien alles zugunsten der Mannschaft von Andreas Lorenz gelaufen zu sein. Doch ein misslungener R\u00fcckpass brachte TuS K\u00f6rne den Anschlusstreffer zum 3:1 und setzte beim Gast neue Kr\u00e4fte frei. Das Spiel schien nun zu kippen.\u00a0Auch nach der Pause war es\u00a0sehr ausgeglichen. Der SV K\u00f6rne blieb jedoch wehrhaft und Torh\u00fcter Henri hielt mit einer starken Parade den Vorsprung\u00a0fest. Der SVK befreite sich nun zusehends,\u00a0wurde in allen Mannschaftsteilen stabiler und dr\u00e4ngte auf die Entscheidung. Nach einer Ecke gelang Jakob per Kopf sehenswert das 4:1 und der Sieg war perfekt.\u00a0<\/p>\n\n\n\n<p>Nun gilt es, den guten ersten Eindruck zu best\u00e4tigen und am kommenden Samstag beim Ausw\u00e4rtsspiel in Wickede nachzulegen.<\/p>\n","protected":false},"excerpt":{"rendered":"<p>Mit einem 4:1 (3:1) &#8211; Heimsieg gegen den Lokalrivalen DJK TuS K\u00f6rne III startete die D2 in die Saison.&nbsp;Nur kurz war die Vorbereitung. Umso erfreulicher die Erkenntnis, dass die Umstellung [&hellip;]<\/p>\n","protected":false},"author":2,"featured_media":2636,"comment_status":"closed","ping_status":"open","sticky":false,"template":"","format":"standard","meta":{"_jetpack_memberships_contains_paid_content":false,"footnotes":""},"categories":[1,35],"tags":[],"class_list":["post-2635","post","type-post","status-publish","format-standard","has-post-thumbnail","hentry","category-allgemein","category-jugend"],"jetpack_sharing_enabled":true,"jetpack_featured_media_url":"https:\/\/sv-koerne83.de\/wordpress\/wp-content\/uploads\/2022\/08\/IMG_2783-scaled.jpg","_links":{"self":[{"href":"https:\/\/sv-koerne83.de\/wordpress\/wp-json\/wp\/v2\/posts\/2635","targetHints":{"allow":["GET"]}}],"collection":[{"href":"https:\/\/sv-koerne83.de\/wordpress\/wp-json\/wp\/v2\/posts"}],"about":[{"href":"https:\/\/sv-koerne83.de\/wordpress\/wp-json\/wp\/v2\/types\/post"}],"author":[{"embeddable":true,"href":"https:\/\/sv-koerne83.de\/wordpress\/wp-json\/wp\/v2\/users\/2"}],"replies":[{"embeddable":true,"href":"https:\/\/sv-koerne83.de\/wordpress\/wp-json\/wp\/v2\/comments?post=2635"}],"version-history":[{"count":2,"href":"https:\/\/sv-koerne83.de\/wordpress\/wp-json\/wp\/v2\/posts\/2635\/revisions"}],"predecessor-version":[{"id":2638,"href":"https:\/\/sv-koerne83.de\/wordpress\/wp-json\/wp\/v2\/posts\/2635\/revisions\/2638"}],"wp:featuredmedia":[{"embeddable":true,"href":"https:\/\/sv-koerne83.de\/wordpress\/wp-json\/wp\/v2\/media\/2636"}],"wp:attachment":[{"href":"https:\/\/sv-koerne83.de\/wordpress\/wp-json\/wp\/v2\/media?parent=2635"}],"wp:term":[{"taxonomy":"category","embeddable":true,"href":"https:\/\/sv-koerne83.de\/wordpress\/wp-json\/wp\/v2\/categories?post=2635"},{"taxonomy":"post_tag","embeddable":true,"href":"https:\/\/sv-koerne83.de\/wordpress\/wp-json\/wp\/v2\/tags?post=2635"}],"curies":[{"name":"wp","href":"https:\/\/api.w.org\/{rel}","templated":true}]}}