{"id":2648,"date":"2022-09-14T13:02:06","date_gmt":"2022-09-14T11:02:06","guid":{"rendered":"https:\/\/sv-koerne83.de\/wordpress\/?p=2648"},"modified":"2022-09-14T13:02:06","modified_gmt":"2022-09-14T11:02:06","slug":"kreispokal-achtelfinale-gegen-den-fc-bruenninghausen","status":"publish","type":"post","link":"https:\/\/sv-koerne83.de\/wordpress\/2022\/09\/14\/kreispokal-achtelfinale-gegen-den-fc-bruenninghausen\/","title":{"rendered":"Kreispokal-Achtelfinale gegen den FC Br\u00fcnninghausen"},"content":{"rendered":"\n<p>Unsere A-Jugend trifft heute im Kreispokal-Achtelfinale auf den FC Br\u00fcnninghausen. Die Br\u00fcnninghausener spielen in der Landesliga und belegen dort aktuell den 7. Tabellenplatz. <\/p>\n\n\n\n<p>Ansto\u00df am Winkelriedweg ist um 18.30 Uhr. Wir sehen uns im Affenk\u00e4fig!<\/p>\n","protected":false},"excerpt":{"rendered":"<p>Unsere A-Jugend trifft heute im Kreispokal-Achtelfinale auf den FC Br\u00fcnninghausen. Die Br\u00fcnninghausener spielen in der Landesliga und belegen dort aktuell den 7. Tabellenplatz. Ansto\u00df am Winkelriedweg ist um 18.30 Uhr. [&hellip;]<\/p>\n","protected":false},"author":2,"featured_media":2647,"comment_status":"closed","ping_status":"open","sticky":false,"template":"","format":"standard","meta":{"_jetpack_memberships_contains_paid_content":false,"footnotes":""},"categories":[1,35],"tags":[],"class_list":["post-2648","post","type-post","status-publish","format-standard","has-post-thumbnail","hentry","category-allgemein","category-jugend"],"jetpack_sharing_enabled":true,"jetpack_featured_media_url":"https:\/\/sv-koerne83.de\/wordpress\/wp-content\/uploads\/2022\/09\/SVK_Spieltagsankuendigung_2022_2023_Pokal2.png","_links":{"self":[{"href":"https:\/\/sv-koerne83.de\/wordpress\/wp-json\/wp\/v2\/posts\/2648","targetHints":{"allow":["GET"]}}],"collection":[{"href":"https:\/\/sv-koerne83.de\/wordpress\/wp-json\/wp\/v2\/posts"}],"about":[{"href":"https:\/\/sv-koerne83.de\/wordpress\/wp-json\/wp\/v2\/types\/post"}],"author":[{"embeddable":true,"href":"https:\/\/sv-koerne83.de\/wordpress\/wp-json\/wp\/v2\/users\/2"}],"replies":[{"embeddable":true,"href":"https:\/\/sv-koerne83.de\/wordpress\/wp-json\/wp\/v2\/comments?post=2648"}],"version-history":[{"count":1,"href":"https:\/\/sv-koerne83.de\/wordpress\/wp-json\/wp\/v2\/posts\/2648\/revisions"}],"predecessor-version":[{"id":2649,"href":"https:\/\/sv-koerne83.de\/wordpress\/wp-json\/wp\/v2\/posts\/2648\/revisions\/2649"}],"wp:featuredmedia":[{"embeddable":true,"href":"https:\/\/sv-koerne83.de\/wordpress\/wp-json\/wp\/v2\/media\/2647"}],"wp:attachment":[{"href":"https:\/\/sv-koerne83.de\/wordpress\/wp-json\/wp\/v2\/media?parent=2648"}],"wp:term":[{"taxonomy":"category","embeddable":true,"href":"https:\/\/sv-koerne83.de\/wordpress\/wp-json\/wp\/v2\/categories?post=2648"},{"taxonomy":"post_tag","embeddable":true,"href":"https:\/\/sv-koerne83.de\/wordpress\/wp-json\/wp\/v2\/tags?post=2648"}],"curies":[{"name":"wp","href":"https:\/\/api.w.org\/{rel}","templated":true}]}}