{"id":2656,"date":"2022-09-22T12:27:26","date_gmt":"2022-09-22T10:27:26","guid":{"rendered":"https:\/\/sv-koerne83.de\/wordpress\/?p=2656"},"modified":"2022-09-22T12:27:26","modified_gmt":"2022-09-22T10:27:26","slug":"zurueck-in-die-spur","status":"publish","type":"post","link":"https:\/\/sv-koerne83.de\/wordpress\/2022\/09\/22\/zurueck-in-die-spur\/","title":{"rendered":"Zur\u00fcck in die Spur"},"content":{"rendered":"\n<p>Nach dem ern\u00fcchternden Auftritt bei ETuS\/DJK Schwerte am letzten Wochenende, erwartet die 1. Mannschaft an diesem Sonntag erneut ein Team, welches in dieser Saison noch keinen Sieg einfahren konnte. Am Sonntag gastiert der SC Husen-Kurl am Winkelriedweg. Das Team von Trainer Dominik Herrmann belegt aktuell den 14. Tabellenplatz und konnte bis dato 3 Unentschieden erk\u00e4mpfen. F\u00fcr das Team von Trainer Viktor Pusch geht es darum, nach der schwachen Leistung vom letzten Sonntag wieder zur\u00fcck in die Spur zu finden.<\/p>\n\n\n\n<p>Ansto\u00df am Winkelriedweg ist um 15.00 Uhr. Wir sehen uns im Affenk\u00e4fig!<\/p>\n","protected":false},"excerpt":{"rendered":"<p>Nach dem ern\u00fcchternden Auftritt bei ETuS\/DJK Schwerte am letzten Wochenende, erwartet die 1. Mannschaft an diesem Sonntag erneut ein Team, welches in dieser Saison noch keinen Sieg einfahren konnte. Am [&hellip;]<\/p>\n","protected":false},"author":2,"featured_media":2660,"comment_status":"closed","ping_status":"open","sticky":false,"template":"","format":"standard","meta":{"_jetpack_memberships_contains_paid_content":false,"footnotes":""},"categories":[30,1],"tags":[],"class_list":["post-2656","post","type-post","status-publish","format-standard","has-post-thumbnail","hentry","category-1-mannschaft","category-allgemein"],"jetpack_sharing_enabled":true,"jetpack_featured_media_url":"https:\/\/sv-koerne83.de\/wordpress\/wp-content\/uploads\/2022\/09\/SVK_Spieltagsankuendigung_2022_2023_erste_husen2.png","_links":{"self":[{"href":"https:\/\/sv-koerne83.de\/wordpress\/wp-json\/wp\/v2\/posts\/2656","targetHints":{"allow":["GET"]}}],"collection":[{"href":"https:\/\/sv-koerne83.de\/wordpress\/wp-json\/wp\/v2\/posts"}],"about":[{"href":"https:\/\/sv-koerne83.de\/wordpress\/wp-json\/wp\/v2\/types\/post"}],"author":[{"embeddable":true,"href":"https:\/\/sv-koerne83.de\/wordpress\/wp-json\/wp\/v2\/users\/2"}],"replies":[{"embeddable":true,"href":"https:\/\/sv-koerne83.de\/wordpress\/wp-json\/wp\/v2\/comments?post=2656"}],"version-history":[{"count":1,"href":"https:\/\/sv-koerne83.de\/wordpress\/wp-json\/wp\/v2\/posts\/2656\/revisions"}],"predecessor-version":[{"id":2657,"href":"https:\/\/sv-koerne83.de\/wordpress\/wp-json\/wp\/v2\/posts\/2656\/revisions\/2657"}],"wp:featuredmedia":[{"embeddable":true,"href":"https:\/\/sv-koerne83.de\/wordpress\/wp-json\/wp\/v2\/media\/2660"}],"wp:attachment":[{"href":"https:\/\/sv-koerne83.de\/wordpress\/wp-json\/wp\/v2\/media?parent=2656"}],"wp:term":[{"taxonomy":"category","embeddable":true,"href":"https:\/\/sv-koerne83.de\/wordpress\/wp-json\/wp\/v2\/categories?post=2656"},{"taxonomy":"post_tag","embeddable":true,"href":"https:\/\/sv-koerne83.de\/wordpress\/wp-json\/wp\/v2\/tags?post=2656"}],"curies":[{"name":"wp","href":"https:\/\/api.w.org\/{rel}","templated":true}]}}