{"id":2669,"date":"2022-11-14T11:51:46","date_gmt":"2022-11-14T10:51:46","guid":{"rendered":"https:\/\/sv-koerne83.de\/wordpress\/?p=2669"},"modified":"2022-11-14T11:51:47","modified_gmt":"2022-11-14T10:51:47","slug":"pokalabend-am-winkelriedweg","status":"publish","type":"post","link":"https:\/\/sv-koerne83.de\/wordpress\/2022\/11\/14\/pokalabend-am-winkelriedweg\/","title":{"rendered":"Pokalabend am Winkelriedweg"},"content":{"rendered":"\n<p>Am morgigen Dienstag empf\u00e4ngt die 1. Mannschaft den B-Ligisten TuS Kruckel zum Pokalspiel. Die Kruckeler belegen in der Kreisliga B den 7. Tabellenplatz. Von den letzten f\u00fcnf Spielen verzeichnete das Team aus dem Dortmunder S\u00fcden lediglich eine Niederlage. Beide Mannschaften sind schon f\u00fcr die n\u00e4chste Runde im Kreispokal qualifiziert, dennoch geht unsere 1. Mannschaft als Favorit in die Partie. Bei diesem Spiel gilt die Eintrittspreisregelung vom Fu\u00dfballkreis Dortmund. <\/p>\n\n\n\n<p>Ansto\u00df am Winkelriedweg ist um 19.30 Uhr. Wir sehen uns im Affenk\u00e4fig!<\/p>\n","protected":false},"excerpt":{"rendered":"<p>Am morgigen Dienstag empf\u00e4ngt die 1. Mannschaft den B-Ligisten TuS Kruckel zum Pokalspiel. Die Kruckeler belegen in der Kreisliga B den 7. Tabellenplatz. Von den letzten f\u00fcnf Spielen verzeichnete das [&hellip;]<\/p>\n","protected":false},"author":2,"featured_media":2668,"comment_status":"closed","ping_status":"open","sticky":false,"template":"","format":"standard","meta":{"_jetpack_memberships_contains_paid_content":false,"footnotes":""},"categories":[30,1],"tags":[],"class_list":["post-2669","post","type-post","status-publish","format-standard","has-post-thumbnail","hentry","category-1-mannschaft","category-allgemein"],"jetpack_sharing_enabled":true,"jetpack_featured_media_url":"https:\/\/sv-koerne83.de\/wordpress\/wp-content\/uploads\/2022\/11\/SVK_Spieltagsankuendigung_2022_2023_pokal2.png","_links":{"self":[{"href":"https:\/\/sv-koerne83.de\/wordpress\/wp-json\/wp\/v2\/posts\/2669","targetHints":{"allow":["GET"]}}],"collection":[{"href":"https:\/\/sv-koerne83.de\/wordpress\/wp-json\/wp\/v2\/posts"}],"about":[{"href":"https:\/\/sv-koerne83.de\/wordpress\/wp-json\/wp\/v2\/types\/post"}],"author":[{"embeddable":true,"href":"https:\/\/sv-koerne83.de\/wordpress\/wp-json\/wp\/v2\/users\/2"}],"replies":[{"embeddable":true,"href":"https:\/\/sv-koerne83.de\/wordpress\/wp-json\/wp\/v2\/comments?post=2669"}],"version-history":[{"count":1,"href":"https:\/\/sv-koerne83.de\/wordpress\/wp-json\/wp\/v2\/posts\/2669\/revisions"}],"predecessor-version":[{"id":2670,"href":"https:\/\/sv-koerne83.de\/wordpress\/wp-json\/wp\/v2\/posts\/2669\/revisions\/2670"}],"wp:featuredmedia":[{"embeddable":true,"href":"https:\/\/sv-koerne83.de\/wordpress\/wp-json\/wp\/v2\/media\/2668"}],"wp:attachment":[{"href":"https:\/\/sv-koerne83.de\/wordpress\/wp-json\/wp\/v2\/media?parent=2669"}],"wp:term":[{"taxonomy":"category","embeddable":true,"href":"https:\/\/sv-koerne83.de\/wordpress\/wp-json\/wp\/v2\/categories?post=2669"},{"taxonomy":"post_tag","embeddable":true,"href":"https:\/\/sv-koerne83.de\/wordpress\/wp-json\/wp\/v2\/tags?post=2669"}],"curies":[{"name":"wp","href":"https:\/\/api.w.org\/{rel}","templated":true}]}}