{"id":2691,"date":"2022-12-12T08:10:23","date_gmt":"2022-12-12T07:10:23","guid":{"rendered":"https:\/\/sv-koerne83.de\/wordpress\/?p=2691"},"modified":"2022-12-12T08:10:23","modified_gmt":"2022-12-12T07:10:23","slug":"altherren-empfangen-den-luener-sv","status":"publish","type":"post","link":"https:\/\/sv-koerne83.de\/wordpress\/2022\/12\/12\/altherren-empfangen-den-luener-sv\/","title":{"rendered":"Altherren empfangen den L\u00fcner SV"},"content":{"rendered":"\n<p>Ihr habt jetzt schon genug von der fu\u00dfballfreien Zeit? Dann haben wir kurz vor Weihnachten nochmal ein besonderes Highlight f\u00fcr euch. Unsere Altherrenmannschaft empf\u00e4ngt am Mittwochabend den L\u00fcner SV. Das Team freut sich \u00fcber zahlreiche Unterst\u00fctzung. Ansto\u00df am Winkelriedweg ist um 19.30 Uhr. Wir sehen uns im Affenk\u00e4fig!<\/p>\n","protected":false},"excerpt":{"rendered":"<p>Ihr habt jetzt schon genug von der fu\u00dfballfreien Zeit? Dann haben wir kurz vor Weihnachten nochmal ein besonderes Highlight f\u00fcr euch. Unsere Altherrenmannschaft empf\u00e4ngt am Mittwochabend den L\u00fcner SV. Das [&hellip;]<\/p>\n","protected":false},"author":2,"featured_media":2690,"comment_status":"closed","ping_status":"open","sticky":false,"template":"","format":"standard","meta":{"_jetpack_memberships_contains_paid_content":false,"footnotes":""},"categories":[1,34],"tags":[],"class_list":["post-2691","post","type-post","status-publish","format-standard","has-post-thumbnail","hentry","category-allgemein","category-alte-herren"],"jetpack_sharing_enabled":true,"jetpack_featured_media_url":"https:\/\/sv-koerne83.de\/wordpress\/wp-content\/uploads\/2022\/12\/SVK_Spieltagsankuendigung_2022_2023_AH2.png","_links":{"self":[{"href":"https:\/\/sv-koerne83.de\/wordpress\/wp-json\/wp\/v2\/posts\/2691","targetHints":{"allow":["GET"]}}],"collection":[{"href":"https:\/\/sv-koerne83.de\/wordpress\/wp-json\/wp\/v2\/posts"}],"about":[{"href":"https:\/\/sv-koerne83.de\/wordpress\/wp-json\/wp\/v2\/types\/post"}],"author":[{"embeddable":true,"href":"https:\/\/sv-koerne83.de\/wordpress\/wp-json\/wp\/v2\/users\/2"}],"replies":[{"embeddable":true,"href":"https:\/\/sv-koerne83.de\/wordpress\/wp-json\/wp\/v2\/comments?post=2691"}],"version-history":[{"count":1,"href":"https:\/\/sv-koerne83.de\/wordpress\/wp-json\/wp\/v2\/posts\/2691\/revisions"}],"predecessor-version":[{"id":2692,"href":"https:\/\/sv-koerne83.de\/wordpress\/wp-json\/wp\/v2\/posts\/2691\/revisions\/2692"}],"wp:featuredmedia":[{"embeddable":true,"href":"https:\/\/sv-koerne83.de\/wordpress\/wp-json\/wp\/v2\/media\/2690"}],"wp:attachment":[{"href":"https:\/\/sv-koerne83.de\/wordpress\/wp-json\/wp\/v2\/media?parent=2691"}],"wp:term":[{"taxonomy":"category","embeddable":true,"href":"https:\/\/sv-koerne83.de\/wordpress\/wp-json\/wp\/v2\/categories?post=2691"},{"taxonomy":"post_tag","embeddable":true,"href":"https:\/\/sv-koerne83.de\/wordpress\/wp-json\/wp\/v2\/tags?post=2691"}],"curies":[{"name":"wp","href":"https:\/\/api.w.org\/{rel}","templated":true}]}}