{"id":2694,"date":"2022-12-22T09:42:29","date_gmt":"2022-12-22T08:42:29","guid":{"rendered":"https:\/\/sv-koerne83.de\/wordpress\/?p=2694"},"modified":"2022-12-22T09:42:29","modified_gmt":"2022-12-22T08:42:29","slug":"jahresabschlussfeier-in-grosser-runde","status":"publish","type":"post","link":"https:\/\/sv-koerne83.de\/wordpress\/2022\/12\/22\/jahresabschlussfeier-in-grosser-runde\/","title":{"rendered":"Jahresabschlussfeier in gro\u00dfer Runde"},"content":{"rendered":"\n<p>Bereits am Montag luden wir alle Trainer, Betreuer, ehrenamtliche Helfer, Jubilare und Spieler*innen aus den Mannschaftsr\u00e4ten ein, um uns f\u00fcr ihr Engagement in diesem Jahr zu bedanken. Im Restaurant Athos am Winkelriedweg konnten wir von den 80 geladenen G\u00e4sten, fast 70 begr\u00fc\u00dfen. Wir selbst waren \u00fcberw\u00e4ltigt von der Menge an Personen, die in unserem Verein etwas bewegen. In diesem feierlichen Rahmen ehrten wir auch einige Vereinsmitglieder f\u00fcr ihre jahrelange Mitgliedschaft.<\/p>\n\n\n\n<p>Robin Porps, Miguel Lopez, Andree Schmitz, Omar Tirsatine und Marvin Rudolf erhielten die silberne Vereinsurkunde f\u00fcr ihre mehr als 10-j\u00e4hrige Vereinszugeh\u00f6rigkeit. Ebenfalls f\u00fcr ihre Vereinstreue wurden unsere beiden A-Jugendlichen Alexander Halidov und Michael Khassyanov ausgezeichnet. Beide sind bereits auch schon seit 10 Jahren K\u00f6rner Jungs. <\/p>\n\n\n\n<p>Eine besondere Ehrung durfte Willi Kirchhoff erfahren. Er war ma\u00dfgeblich an dem Aufbau einer Jugendabteilung Ende der 1980er beteiligt. \u00dcber 30 Jahre ist Willi Kirchhoff schon Mitglied in unserem Verein und erhielt aus diesem freudigen Anlass die goldene Vereinsurkunde. Willi ist immer noch ein gern gesehener Gast am Sportplatz und freut sich jedes Mal seine &#8222;Jungs&#8220;, die jetzt nat\u00fcrlich selber schon Erwachsen sind, wiederzusehen.<\/p>\n\n\n\n<p>Auch schon Tradition ist es geworden, die Frau und den Mann des Jahres zu ehren. Hier durften wir uns bei Nicole Wehbrink und Christopher Koebel bedanken. Beide haben gerade im Jahr 2022 enorm viel f\u00fcr den Verein geleistet und erhielten demnach v\u00f6llig zurecht ihre Auszeichnung.<\/p>\n","protected":false},"excerpt":{"rendered":"<p>Bereits am Montag luden wir alle Trainer, Betreuer, ehrenamtliche Helfer, Jubilare und Spieler*innen aus den Mannschaftsr\u00e4ten ein, um uns f\u00fcr ihr Engagement in diesem Jahr zu bedanken. Im Restaurant Athos [&hellip;]<\/p>\n","protected":false},"author":2,"featured_media":2696,"comment_status":"closed","ping_status":"open","sticky":false,"template":"","format":"standard","meta":{"_jetpack_memberships_contains_paid_content":false,"footnotes":""},"categories":[1],"tags":[],"class_list":["post-2694","post","type-post","status-publish","format-standard","has-post-thumbnail","hentry","category-allgemein"],"jetpack_sharing_enabled":true,"jetpack_featured_media_url":"https:\/\/sv-koerne83.de\/wordpress\/wp-content\/uploads\/2022\/12\/184172bb-be6b-4c81-a950-a779ef9e5d56.jpg","_links":{"self":[{"href":"https:\/\/sv-koerne83.de\/wordpress\/wp-json\/wp\/v2\/posts\/2694","targetHints":{"allow":["GET"]}}],"collection":[{"href":"https:\/\/sv-koerne83.de\/wordpress\/wp-json\/wp\/v2\/posts"}],"about":[{"href":"https:\/\/sv-koerne83.de\/wordpress\/wp-json\/wp\/v2\/types\/post"}],"author":[{"embeddable":true,"href":"https:\/\/sv-koerne83.de\/wordpress\/wp-json\/wp\/v2\/users\/2"}],"replies":[{"embeddable":true,"href":"https:\/\/sv-koerne83.de\/wordpress\/wp-json\/wp\/v2\/comments?post=2694"}],"version-history":[{"count":1,"href":"https:\/\/sv-koerne83.de\/wordpress\/wp-json\/wp\/v2\/posts\/2694\/revisions"}],"predecessor-version":[{"id":2695,"href":"https:\/\/sv-koerne83.de\/wordpress\/wp-json\/wp\/v2\/posts\/2694\/revisions\/2695"}],"wp:featuredmedia":[{"embeddable":true,"href":"https:\/\/sv-koerne83.de\/wordpress\/wp-json\/wp\/v2\/media\/2696"}],"wp:attachment":[{"href":"https:\/\/sv-koerne83.de\/wordpress\/wp-json\/wp\/v2\/media?parent=2694"}],"wp:term":[{"taxonomy":"category","embeddable":true,"href":"https:\/\/sv-koerne83.de\/wordpress\/wp-json\/wp\/v2\/categories?post=2694"},{"taxonomy":"post_tag","embeddable":true,"href":"https:\/\/sv-koerne83.de\/wordpress\/wp-json\/wp\/v2\/tags?post=2694"}],"curies":[{"name":"wp","href":"https:\/\/api.w.org\/{rel}","templated":true}]}}