{"id":2698,"date":"2022-12-27T15:40:09","date_gmt":"2022-12-27T14:40:09","guid":{"rendered":"https:\/\/sv-koerne83.de\/wordpress\/?p=2698"},"modified":"2022-12-27T15:40:10","modified_gmt":"2022-12-27T14:40:10","slug":"nach-dem-feste-gibts-das-beste-2","status":"publish","type":"post","link":"https:\/\/sv-koerne83.de\/wordpress\/2022\/12\/27\/nach-dem-feste-gibts-das-beste-2\/","title":{"rendered":"Nach dem Feste &#8211; gibt&#8217;s das Beste!"},"content":{"rendered":"\n<p>Am morgigen Mittwoch findet in der Sporthalle Brackel die diesj\u00e4hrige Vorrunde der Hallenstadtmeisterschaft statt. Unsere 1. Mannschaft trifft auf die Gegner FV Scharnhorst (16.55 Uhr), TuRa Asseln (18.10 Uhr), Eving Selimiye Spor (19.35 Uhr) und SV Brackel 06 (20.25 Uhr). Die Vorrunde wird in dieser Saison mit einem neuen Modus gespielt. Aus der F\u00fcnfergruppe qualifizieren sich die drei bestplatzierten Mannschaften f\u00fcr die Zwischenrunde.<\/p>\n\n\n\n<p>Traditionsgem\u00e4\u00df erh\u00e4lt unsere Mannschaft bei der HSM viel Fan-Support. Wir m\u00f6chten mit euch, wie schon vor drei Jahren, gemeinsam mit Bus und Bahn zu Halle fahren. Daher \u00f6ffnet unser Vereinsheim bereits um 14.00 Uhr. Gemeinsam werden wir dann rechtzeitig zur Halle Brackel aufbrechen.<\/p>\n\n\n\n<p>Die Vorrunde beginnt um 16.30 Uhr. Einen Kartenvorverkauf gibt es nicht. Karten k\u00f6nnen nur an der Tageskasse gekauft werden. Der Eintritt f\u00fcr Erwachsene kostet 6 Euro (erm\u00e4\u00dfigt 3 Euro). Ein Outfit in Vereinsfarben ist gerne gesehen. <\/p>\n","protected":false},"excerpt":{"rendered":"<p>Am morgigen Mittwoch findet in der Sporthalle Brackel die diesj\u00e4hrige Vorrunde der Hallenstadtmeisterschaft statt. Unsere 1. Mannschaft trifft auf die Gegner FV Scharnhorst (16.55 Uhr), TuRa Asseln (18.10 Uhr), Eving [&hellip;]<\/p>\n","protected":false},"author":2,"featured_media":2699,"comment_status":"closed","ping_status":"open","sticky":false,"template":"","format":"standard","meta":{"_jetpack_memberships_contains_paid_content":false,"footnotes":""},"categories":[30,1],"tags":[],"class_list":["post-2698","post","type-post","status-publish","format-standard","has-post-thumbnail","hentry","category-1-mannschaft","category-allgemein"],"jetpack_sharing_enabled":true,"jetpack_featured_media_url":"https:\/\/sv-koerne83.de\/wordpress\/wp-content\/uploads\/2022\/12\/SVK_Spieltagsankuendigung_2022_2023_HSM2.png","_links":{"self":[{"href":"https:\/\/sv-koerne83.de\/wordpress\/wp-json\/wp\/v2\/posts\/2698","targetHints":{"allow":["GET"]}}],"collection":[{"href":"https:\/\/sv-koerne83.de\/wordpress\/wp-json\/wp\/v2\/posts"}],"about":[{"href":"https:\/\/sv-koerne83.de\/wordpress\/wp-json\/wp\/v2\/types\/post"}],"author":[{"embeddable":true,"href":"https:\/\/sv-koerne83.de\/wordpress\/wp-json\/wp\/v2\/users\/2"}],"replies":[{"embeddable":true,"href":"https:\/\/sv-koerne83.de\/wordpress\/wp-json\/wp\/v2\/comments?post=2698"}],"version-history":[{"count":1,"href":"https:\/\/sv-koerne83.de\/wordpress\/wp-json\/wp\/v2\/posts\/2698\/revisions"}],"predecessor-version":[{"id":2700,"href":"https:\/\/sv-koerne83.de\/wordpress\/wp-json\/wp\/v2\/posts\/2698\/revisions\/2700"}],"wp:featuredmedia":[{"embeddable":true,"href":"https:\/\/sv-koerne83.de\/wordpress\/wp-json\/wp\/v2\/media\/2699"}],"wp:attachment":[{"href":"https:\/\/sv-koerne83.de\/wordpress\/wp-json\/wp\/v2\/media?parent=2698"}],"wp:term":[{"taxonomy":"category","embeddable":true,"href":"https:\/\/sv-koerne83.de\/wordpress\/wp-json\/wp\/v2\/categories?post=2698"},{"taxonomy":"post_tag","embeddable":true,"href":"https:\/\/sv-koerne83.de\/wordpress\/wp-json\/wp\/v2\/tags?post=2698"}],"curies":[{"name":"wp","href":"https:\/\/api.w.org\/{rel}","templated":true}]}}