{"id":2703,"date":"2022-12-29T21:03:24","date_gmt":"2022-12-29T20:03:24","guid":{"rendered":"https:\/\/sv-koerne83.de\/wordpress\/?p=2703"},"modified":"2022-12-29T21:03:24","modified_gmt":"2022-12-29T20:03:24","slug":"erste-mannschaft-erreicht-die-zwischenrunde","status":"publish","type":"post","link":"https:\/\/sv-koerne83.de\/wordpress\/2022\/12\/29\/erste-mannschaft-erreicht-die-zwischenrunde\/","title":{"rendered":"Erste Mannschaft erreicht die Zwischenrunde"},"content":{"rendered":"\n<p>Die 1. Mannschaft konnte am gestrigen Abend als Tabellenzweiter in die Zwischenrunde der diesj\u00e4hrigen Hallenstadtmeisterschaft einziehen. Nach einem Unentschieden im ersten Spiel gegen FV Scharnhorst, gelang der Mannschaft von Trainer Viktor Pusch ein Sieg gegen TuRa Asseln. Unter der lautstarken Unterst\u00fctzung der vielen mitgereisten Fans erk\u00e4mpfte man ein 2:2 Unentschieden gegen den Bezirksligisten Eving Selmiye Spor. Im letzten Gruppenspiel trennte man sich 1:1 unentschieden gegen den Landesligisten SV Brackel 06. <\/p>\n\n\n\n<figure class=\"wp-block-image size-large\"><img loading=\"lazy\" decoding=\"async\" width=\"1024\" height=\"683\" src=\"https:\/\/sv-koerne83.de\/wordpress\/wp-content\/uploads\/2022\/12\/757c088c-7775-407b-a3c4-c0f82d4b44e9-1024x683.jpg\" alt=\"\" class=\"wp-image-2706\" srcset=\"https:\/\/sv-koerne83.de\/wordpress\/wp-content\/uploads\/2022\/12\/757c088c-7775-407b-a3c4-c0f82d4b44e9-1024x683.jpg 1024w, https:\/\/sv-koerne83.de\/wordpress\/wp-content\/uploads\/2022\/12\/757c088c-7775-407b-a3c4-c0f82d4b44e9-300x200.jpg 300w, https:\/\/sv-koerne83.de\/wordpress\/wp-content\/uploads\/2022\/12\/757c088c-7775-407b-a3c4-c0f82d4b44e9-768x512.jpg 768w, https:\/\/sv-koerne83.de\/wordpress\/wp-content\/uploads\/2022\/12\/757c088c-7775-407b-a3c4-c0f82d4b44e9-128x85.jpg 128w, https:\/\/sv-koerne83.de\/wordpress\/wp-content\/uploads\/2022\/12\/757c088c-7775-407b-a3c4-c0f82d4b44e9-32x21.jpg 32w, https:\/\/sv-koerne83.de\/wordpress\/wp-content\/uploads\/2022\/12\/757c088c-7775-407b-a3c4-c0f82d4b44e9.jpg 1236w\" sizes=\"auto, (max-width: 1024px) 100vw, 1024px\" \/><\/figure>\n\n\n\n<p>Mit insgesamt 6 Punkten und keiner Niederlage qualifizierte sich die Mannschaft nun f\u00fcr die Halle Wellinghofen und trifft dort auf den Landesligisten Hombrucher SV und den Bezirksligisten und Lokalrivalen DJK TuS K\u00f6rne. Der erste Tag der Zwischenrunde findet am Freitag, den 06.01.2023, statt. Wir freuen uns erneut \u00fcber lautstarke Unterst\u00fctzung.<\/p>\n","protected":false},"excerpt":{"rendered":"<p>Die 1. Mannschaft konnte am gestrigen Abend als Tabellenzweiter in die Zwischenrunde der diesj\u00e4hrigen Hallenstadtmeisterschaft einziehen. Nach einem Unentschieden im ersten Spiel gegen FV Scharnhorst, gelang der Mannschaft von Trainer [&hellip;]<\/p>\n","protected":false},"author":2,"featured_media":2705,"comment_status":"closed","ping_status":"open","sticky":false,"template":"","format":"standard","meta":{"_jetpack_memberships_contains_paid_content":false,"footnotes":""},"categories":[1],"tags":[],"class_list":["post-2703","post","type-post","status-publish","format-standard","has-post-thumbnail","hentry","category-allgemein"],"jetpack_sharing_enabled":true,"jetpack_featured_media_url":"https:\/\/sv-koerne83.de\/wordpress\/wp-content\/uploads\/2022\/12\/halle_koerne-hsm.png","_links":{"self":[{"href":"https:\/\/sv-koerne83.de\/wordpress\/wp-json\/wp\/v2\/posts\/2703","targetHints":{"allow":["GET"]}}],"collection":[{"href":"https:\/\/sv-koerne83.de\/wordpress\/wp-json\/wp\/v2\/posts"}],"about":[{"href":"https:\/\/sv-koerne83.de\/wordpress\/wp-json\/wp\/v2\/types\/post"}],"author":[{"embeddable":true,"href":"https:\/\/sv-koerne83.de\/wordpress\/wp-json\/wp\/v2\/users\/2"}],"replies":[{"embeddable":true,"href":"https:\/\/sv-koerne83.de\/wordpress\/wp-json\/wp\/v2\/comments?post=2703"}],"version-history":[{"count":4,"href":"https:\/\/sv-koerne83.de\/wordpress\/wp-json\/wp\/v2\/posts\/2703\/revisions"}],"predecessor-version":[{"id":2709,"href":"https:\/\/sv-koerne83.de\/wordpress\/wp-json\/wp\/v2\/posts\/2703\/revisions\/2709"}],"wp:featuredmedia":[{"embeddable":true,"href":"https:\/\/sv-koerne83.de\/wordpress\/wp-json\/wp\/v2\/media\/2705"}],"wp:attachment":[{"href":"https:\/\/sv-koerne83.de\/wordpress\/wp-json\/wp\/v2\/media?parent=2703"}],"wp:term":[{"taxonomy":"category","embeddable":true,"href":"https:\/\/sv-koerne83.de\/wordpress\/wp-json\/wp\/v2\/categories?post=2703"},{"taxonomy":"post_tag","embeddable":true,"href":"https:\/\/sv-koerne83.de\/wordpress\/wp-json\/wp\/v2\/tags?post=2703"}],"curies":[{"name":"wp","href":"https:\/\/api.w.org\/{rel}","templated":true}]}}