{"id":2715,"date":"2023-01-20T11:40:52","date_gmt":"2023-01-20T10:40:52","guid":{"rendered":"https:\/\/sv-koerne83.de\/wordpress\/?p=2715"},"modified":"2023-01-20T11:40:53","modified_gmt":"2023-01-20T10:40:53","slug":"einladung-youth-cup-2023","status":"publish","type":"post","link":"https:\/\/sv-koerne83.de\/wordpress\/2023\/01\/20\/einladung-youth-cup-2023\/","title":{"rendered":"Einladung Youth Cup 2023"},"content":{"rendered":"\n<p>Liebe Fu\u00dfballfreunde,<br>die Jugendabteilung des SV K\u00f6rne 83 veranstaltet im Jahr 2023 wieder ihr traditionelles Jugendturnier. Hierzu m\u00f6chten wir Euch recht herzlich einladen.<\/p>\n\n\n\n<p><strong>Termine:<br><\/strong>C-Jugend: Sonntag, 04.06.2023 (Gro\u00dffeld)<br>D-Jugend: Samstag, 10.06.2023 (Kleinfeld 8+1)<br>E-Jugend: Sonntag, 11.06.2023 (Kleinfeld 6+1)<\/p>\n\n\n\n<p>Um fr\u00fchzeitig eine endg\u00fcltige Turnierplanung vornehmen zu k\u00f6nnen, bitten wir Euch, sich bis zum <strong>30.04.2023<\/strong> anzumelden. Die Turnierpl\u00e4ne werden wir Euch bei Zusage rechtzeitig \u00fcber das DFBNet Postfach zusenden.<\/p>\n\n\n\n<p>Der zeitliche Eingang der Anmeldungen entscheidet \u00fcber die Teilnahme.<br>Leider kommt es immer wieder zu einem unentschuldigten Fernbleiben von gemeldeten Mannschaften. Dies ist \u00e4u\u00dferst \u00e4rgerlich f\u00fcr die Turnierleitung sowie f\u00fcr die Mannschaften, die nicht ber\u00fccksichtigt werden konnten.<\/p>\n\n\n\n<p>Wir erheben dieses Jahr kein Startgeld, bitten aber darauf zu achten, dass der Anmeldebogen vollst\u00e4ndig ausgef\u00fcllt ist. Nur vollst\u00e4ndige Anmeldungen werden ber\u00fccksichtigt. Die vollst\u00e4ndige Anmeldung sendet Ihr bitte an <a href=\"mailto:daniel.uffelmann@sv-koerne83.de\">daniel.uffelmann@sv-koerne83.de<\/a><\/p>\n\n\n\n<p>Mit sportlichen Gr\u00fc\u00dfen<br>Daniel Uffelmann<br>Jugendleiter<br>SV K\u00f6rne 83 e.V.<\/p>\n\n\n\n<div class=\"wp-block-file\"><a href=\"https:\/\/sv-koerne83.de\/wordpress\/wp-content\/uploads\/2023\/01\/Anmeldung-Youth-Cup-2023.pdf\">Anmeldung Youth Cup 2023<\/a><a href=\"https:\/\/sv-koerne83.de\/wordpress\/wp-content\/uploads\/2023\/01\/Anmeldung-Youth-Cup-2023.pdf\" class=\"wp-block-file__button\" download>Herunterladen<\/a><\/div>\n","protected":false},"excerpt":{"rendered":"<p>Liebe Fu\u00dfballfreunde,die Jugendabteilung des SV K\u00f6rne 83 veranstaltet im Jahr 2023 wieder ihr traditionelles Jugendturnier. Hierzu m\u00f6chten wir Euch recht herzlich einladen. Termine:C-Jugend: Sonntag, 04.06.2023 (Gro\u00dffeld)D-Jugend: Samstag, 10.06.2023 (Kleinfeld 8+1)E-Jugend: [&hellip;]<\/p>\n","protected":false},"author":2,"featured_media":2735,"comment_status":"closed","ping_status":"open","sticky":false,"template":"","format":"standard","meta":{"_jetpack_memberships_contains_paid_content":false,"footnotes":""},"categories":[1],"tags":[],"class_list":["post-2715","post","type-post","status-publish","format-standard","has-post-thumbnail","hentry","category-allgemein"],"jetpack_sharing_enabled":true,"jetpack_featured_media_url":"https:\/\/sv-koerne83.de\/wordpress\/wp-content\/uploads\/2023\/01\/SVK_Youth-Cup_Turniereinladung232.png","_links":{"self":[{"href":"https:\/\/sv-koerne83.de\/wordpress\/wp-json\/wp\/v2\/posts\/2715","targetHints":{"allow":["GET"]}}],"collection":[{"href":"https:\/\/sv-koerne83.de\/wordpress\/wp-json\/wp\/v2\/posts"}],"about":[{"href":"https:\/\/sv-koerne83.de\/wordpress\/wp-json\/wp\/v2\/types\/post"}],"author":[{"embeddable":true,"href":"https:\/\/sv-koerne83.de\/wordpress\/wp-json\/wp\/v2\/users\/2"}],"replies":[{"embeddable":true,"href":"https:\/\/sv-koerne83.de\/wordpress\/wp-json\/wp\/v2\/comments?post=2715"}],"version-history":[{"count":2,"href":"https:\/\/sv-koerne83.de\/wordpress\/wp-json\/wp\/v2\/posts\/2715\/revisions"}],"predecessor-version":[{"id":2717,"href":"https:\/\/sv-koerne83.de\/wordpress\/wp-json\/wp\/v2\/posts\/2715\/revisions\/2717"}],"wp:featuredmedia":[{"embeddable":true,"href":"https:\/\/sv-koerne83.de\/wordpress\/wp-json\/wp\/v2\/media\/2735"}],"wp:attachment":[{"href":"https:\/\/sv-koerne83.de\/wordpress\/wp-json\/wp\/v2\/media?parent=2715"}],"wp:term":[{"taxonomy":"category","embeddable":true,"href":"https:\/\/sv-koerne83.de\/wordpress\/wp-json\/wp\/v2\/categories?post=2715"},{"taxonomy":"post_tag","embeddable":true,"href":"https:\/\/sv-koerne83.de\/wordpress\/wp-json\/wp\/v2\/tags?post=2715"}],"curies":[{"name":"wp","href":"https:\/\/api.w.org\/{rel}","templated":true}]}}