{"id":2737,"date":"2023-02-03T10:12:54","date_gmt":"2023-02-03T09:12:54","guid":{"rendered":"https:\/\/sv-koerne83.de\/wordpress\/?p=2737"},"modified":"2023-02-03T10:12:55","modified_gmt":"2023-02-03T09:12:55","slug":"rueckrundenstart-bei-den-herren-und-frauen","status":"publish","type":"post","link":"https:\/\/sv-koerne83.de\/wordpress\/2023\/02\/03\/rueckrundenstart-bei-den-herren-und-frauen\/","title":{"rendered":"R\u00fcckrundenstart bei den Herren und Frauen"},"content":{"rendered":"\n<p>Am kommenden Sonntag beginnt die R\u00fcckrunde der Saison 2022\/2023. Die 1. Mannschaft empf\u00e4ngt das Team vom TuS Holzen-Sommerberg. Die Mannschaft aus dem Dortmunder S\u00fcden belegt aktuell den dritten Tabellenplatz und hat f\u00fcnf Punkte Vorsprung auf das Team von Trainer Viktor Pusch. Im Hinspiel konnte sich unsere 1. Mannschaft, in den Schlussminuten, mit 2:1 durchsetzen. Ansto\u00df am Winkelriedweg ist um 15.00 Uhr. Wir sehen uns im Affenk\u00e4fig!<\/p>\n\n\n\n<p>Auch f\u00fcr unsere Frauenmannschaft beginnen wieder die Meisterschaftsspiele. Nach dem erfolgreichen Abschlie\u00dfen der Hinrunde auf dem 4. Tabellenplatz, hat das Team von dem neuen Trainerduo Christopher Koebel und Janina Stiefel die Finalrunde um den Aufstieg in die Bezirksliga erreicht. Direkt im ersten Spiel trifft man auf den Aufstiegsfavoriten Borussia Dortmund II. Ansto\u00df auf dem Sportplatz im Rabenloh ist um 17.30 Uhr.<\/p>\n\n\n\n<p>Die 2. und 3. Mannschaft haben an diesem Wochenende in der Meisterschaft noch spielfrei und bestreiten Testspiele. Die 2. Mannschaft spielt um 12.30 Uhr beim H\u00f6rder SC II und die 3. Mannschaft tritt gegen den SV Brackel 06 III an. Ansto\u00df am Hallenbad in Brackel ist um 13.00 Uhr. <\/p>\n","protected":false},"excerpt":{"rendered":"<p>Am kommenden Sonntag beginnt die R\u00fcckrunde der Saison 2022\/2023. Die 1. Mannschaft empf\u00e4ngt das Team vom TuS Holzen-Sommerberg. Die Mannschaft aus dem Dortmunder S\u00fcden belegt aktuell den dritten Tabellenplatz und [&hellip;]<\/p>\n","protected":false},"author":2,"featured_media":2741,"comment_status":"closed","ping_status":"open","sticky":false,"template":"","format":"standard","meta":{"_jetpack_memberships_contains_paid_content":false,"footnotes":""},"categories":[30,31,32,1,45],"tags":[],"class_list":["post-2737","post","type-post","status-publish","format-standard","has-post-thumbnail","hentry","category-1-mannschaft","category-2-mannschaft","category-3-mannschaft","category-allgemein","category-frauen"],"jetpack_sharing_enabled":true,"jetpack_featured_media_url":"https:\/\/sv-koerne83.de\/wordpress\/wp-content\/uploads\/2023\/02\/SVK_Spieltagsankuendigung_2022_2023_ms2.png","_links":{"self":[{"href":"https:\/\/sv-koerne83.de\/wordpress\/wp-json\/wp\/v2\/posts\/2737","targetHints":{"allow":["GET"]}}],"collection":[{"href":"https:\/\/sv-koerne83.de\/wordpress\/wp-json\/wp\/v2\/posts"}],"about":[{"href":"https:\/\/sv-koerne83.de\/wordpress\/wp-json\/wp\/v2\/types\/post"}],"author":[{"embeddable":true,"href":"https:\/\/sv-koerne83.de\/wordpress\/wp-json\/wp\/v2\/users\/2"}],"replies":[{"embeddable":true,"href":"https:\/\/sv-koerne83.de\/wordpress\/wp-json\/wp\/v2\/comments?post=2737"}],"version-history":[{"count":3,"href":"https:\/\/sv-koerne83.de\/wordpress\/wp-json\/wp\/v2\/posts\/2737\/revisions"}],"predecessor-version":[{"id":2740,"href":"https:\/\/sv-koerne83.de\/wordpress\/wp-json\/wp\/v2\/posts\/2737\/revisions\/2740"}],"wp:featuredmedia":[{"embeddable":true,"href":"https:\/\/sv-koerne83.de\/wordpress\/wp-json\/wp\/v2\/media\/2741"}],"wp:attachment":[{"href":"https:\/\/sv-koerne83.de\/wordpress\/wp-json\/wp\/v2\/media?parent=2737"}],"wp:term":[{"taxonomy":"category","embeddable":true,"href":"https:\/\/sv-koerne83.de\/wordpress\/wp-json\/wp\/v2\/categories?post=2737"},{"taxonomy":"post_tag","embeddable":true,"href":"https:\/\/sv-koerne83.de\/wordpress\/wp-json\/wp\/v2\/tags?post=2737"}],"curies":[{"name":"wp","href":"https:\/\/api.w.org\/{rel}","templated":true}]}}