{"id":2746,"date":"2023-02-03T11:40:29","date_gmt":"2023-02-03T10:40:29","guid":{"rendered":"https:\/\/sv-koerne83.de\/wordpress\/?p=2746"},"modified":"2023-02-03T11:40:29","modified_gmt":"2023-02-03T10:40:29","slug":"pokalspiele-bei-der-jugend","status":"publish","type":"post","link":"https:\/\/sv-koerne83.de\/wordpress\/2023\/02\/03\/pokalspiele-bei-der-jugend\/","title":{"rendered":"Pokalspiele bei der Jugend"},"content":{"rendered":"\n<p>Am morgigen Samstag finden bei den E- und D-Junioren die diesj\u00e4hrigen Pokalspiele statt. \u00c4hnlich wie bei den Senioren findet auch hier eine Vorrunde mit jeweils 4 Mannschaften statt. Die ersten beiden Mannschaften aus jeder Gruppe qualifizieren sich f\u00fcr die KO-Spiele.<\/p>\n\n\n\n<p>Unsere E1-Jugend trifft im ersten Spiel auf den FC Hellweg L\u00fctgendortmund. Beide Teams sind auch in der Meisterschaft in derselben Liga. Die L\u00fctgendortmunder stehen dort einen Tabellenplatz vor unserer E-Jugend. Ansto\u00df am Winkelriedweg ist um 12.30 Uhr. Wir sehen uns im Affenk\u00e4fig!<\/p>\n\n\n\n<p>Unsere D1-Jugend tritt im ersten Pokalspiel ausw\u00e4rts beim SV Preu\u00dfen 07 L\u00fcnen an. Die Horstmarer spielen in der Meisterschaft in der h\u00f6heren Finalgruppe A1 und belegen dort den dritten Tabellenplatz. F\u00fcr das Team von Trainer Christopher Koebel keine leichte Aufgabe. Ansto\u00df am alten Postweg in L\u00fcnen ist um 13.30 Uhr.<\/p>\n","protected":false},"excerpt":{"rendered":"<p>Am morgigen Samstag finden bei den E- und D-Junioren die diesj\u00e4hrigen Pokalspiele statt. \u00c4hnlich wie bei den Senioren findet auch hier eine Vorrunde mit jeweils 4 Mannschaften statt. Die ersten [&hellip;]<\/p>\n","protected":false},"author":2,"featured_media":2745,"comment_status":"closed","ping_status":"open","sticky":false,"template":"","format":"standard","meta":{"_jetpack_memberships_contains_paid_content":false,"footnotes":""},"categories":[1,35],"tags":[],"class_list":["post-2746","post","type-post","status-publish","format-standard","has-post-thumbnail","hentry","category-allgemein","category-jugend"],"jetpack_sharing_enabled":true,"jetpack_featured_media_url":"https:\/\/sv-koerne83.de\/wordpress\/wp-content\/uploads\/2023\/02\/SVK_Spieltagsankuendigung_2022_2023_ps-jgd2.png","_links":{"self":[{"href":"https:\/\/sv-koerne83.de\/wordpress\/wp-json\/wp\/v2\/posts\/2746","targetHints":{"allow":["GET"]}}],"collection":[{"href":"https:\/\/sv-koerne83.de\/wordpress\/wp-json\/wp\/v2\/posts"}],"about":[{"href":"https:\/\/sv-koerne83.de\/wordpress\/wp-json\/wp\/v2\/types\/post"}],"author":[{"embeddable":true,"href":"https:\/\/sv-koerne83.de\/wordpress\/wp-json\/wp\/v2\/users\/2"}],"replies":[{"embeddable":true,"href":"https:\/\/sv-koerne83.de\/wordpress\/wp-json\/wp\/v2\/comments?post=2746"}],"version-history":[{"count":1,"href":"https:\/\/sv-koerne83.de\/wordpress\/wp-json\/wp\/v2\/posts\/2746\/revisions"}],"predecessor-version":[{"id":2747,"href":"https:\/\/sv-koerne83.de\/wordpress\/wp-json\/wp\/v2\/posts\/2746\/revisions\/2747"}],"wp:featuredmedia":[{"embeddable":true,"href":"https:\/\/sv-koerne83.de\/wordpress\/wp-json\/wp\/v2\/media\/2745"}],"wp:attachment":[{"href":"https:\/\/sv-koerne83.de\/wordpress\/wp-json\/wp\/v2\/media?parent=2746"}],"wp:term":[{"taxonomy":"category","embeddable":true,"href":"https:\/\/sv-koerne83.de\/wordpress\/wp-json\/wp\/v2\/categories?post=2746"},{"taxonomy":"post_tag","embeddable":true,"href":"https:\/\/sv-koerne83.de\/wordpress\/wp-json\/wp\/v2\/tags?post=2746"}],"curies":[{"name":"wp","href":"https:\/\/api.w.org\/{rel}","templated":true}]}}