{"id":2765,"date":"2023-03-29T08:36:27","date_gmt":"2023-03-29T06:36:27","guid":{"rendered":"https:\/\/sv-koerne83.de\/wordpress\/?p=2765"},"modified":"2023-03-29T08:36:27","modified_gmt":"2023-03-29T06:36:27","slug":"hendrik-schuermann-wechselt-zum-sv-koerne-83","status":"publish","type":"post","link":"https:\/\/sv-koerne83.de\/wordpress\/2023\/03\/29\/hendrik-schuermann-wechselt-zum-sv-koerne-83\/","title":{"rendered":"Hendrik Sch\u00fcrmann wechselt zum SV K\u00f6rne 83"},"content":{"rendered":"\n<p>Unsere 1. Mannschaft darf sich zur neuen Saison \u00fcber starken Zuwachs freuen. Mit dem Bezirksligakapit\u00e4n von BW Huckarde, Hendrik Sch\u00fcrmann, erh\u00e4lt unsere 1. Mannschaft einen Top-Spieler. Hendrik begann seine Fu\u00dfballkarriere beim PTSV Dortmund und wechselte dann in die Jugend vom TSC Eintracht und SV Brackel 06. Im Seniorenbereich war er lange f\u00fcr den VfL Kemminghausen aktiv, bevor er mit seinem alten Trainer Thomas Faust zu BW Huckarde in die Bezirksliga wechselte.<\/p>\n\n\n\n<p>F\u00fcr Hendrik, der fr\u00fcher selber in der Ge\u00dflerstra\u00dfe gro\u00df geworden ist, ist es eine Art &#8222;heimkommen&#8220;, auch wenn sein Heimatverein nicht der SV K\u00f6rne war. Wir freuen uns sehr, dass Hendrik sich f\u00fcr uns entschieden hat und hei\u00dfen ihn herzlich willkommen im Affenk\u00e4fig.<\/p>\n","protected":false},"excerpt":{"rendered":"<p>Unsere 1. Mannschaft darf sich zur neuen Saison \u00fcber starken Zuwachs freuen. Mit dem Bezirksligakapit\u00e4n von BW Huckarde, Hendrik Sch\u00fcrmann, erh\u00e4lt unsere 1. Mannschaft einen Top-Spieler. Hendrik begann seine Fu\u00dfballkarriere [&hellip;]<\/p>\n","protected":false},"author":2,"featured_media":2766,"comment_status":"closed","ping_status":"open","sticky":false,"template":"","format":"standard","meta":{"_jetpack_memberships_contains_paid_content":false,"footnotes":""},"categories":[30,1],"tags":[],"class_list":["post-2765","post","type-post","status-publish","format-standard","has-post-thumbnail","hentry","category-1-mannschaft","category-allgemein"],"jetpack_sharing_enabled":true,"jetpack_featured_media_url":"https:\/\/sv-koerne83.de\/wordpress\/wp-content\/uploads\/2023\/03\/SVK_Spieltagsankuendigung_2022_2023_neuzugang2.png","_links":{"self":[{"href":"https:\/\/sv-koerne83.de\/wordpress\/wp-json\/wp\/v2\/posts\/2765","targetHints":{"allow":["GET"]}}],"collection":[{"href":"https:\/\/sv-koerne83.de\/wordpress\/wp-json\/wp\/v2\/posts"}],"about":[{"href":"https:\/\/sv-koerne83.de\/wordpress\/wp-json\/wp\/v2\/types\/post"}],"author":[{"embeddable":true,"href":"https:\/\/sv-koerne83.de\/wordpress\/wp-json\/wp\/v2\/users\/2"}],"replies":[{"embeddable":true,"href":"https:\/\/sv-koerne83.de\/wordpress\/wp-json\/wp\/v2\/comments?post=2765"}],"version-history":[{"count":1,"href":"https:\/\/sv-koerne83.de\/wordpress\/wp-json\/wp\/v2\/posts\/2765\/revisions"}],"predecessor-version":[{"id":2767,"href":"https:\/\/sv-koerne83.de\/wordpress\/wp-json\/wp\/v2\/posts\/2765\/revisions\/2767"}],"wp:featuredmedia":[{"embeddable":true,"href":"https:\/\/sv-koerne83.de\/wordpress\/wp-json\/wp\/v2\/media\/2766"}],"wp:attachment":[{"href":"https:\/\/sv-koerne83.de\/wordpress\/wp-json\/wp\/v2\/media?parent=2765"}],"wp:term":[{"taxonomy":"category","embeddable":true,"href":"https:\/\/sv-koerne83.de\/wordpress\/wp-json\/wp\/v2\/categories?post=2765"},{"taxonomy":"post_tag","embeddable":true,"href":"https:\/\/sv-koerne83.de\/wordpress\/wp-json\/wp\/v2\/tags?post=2765"}],"curies":[{"name":"wp","href":"https:\/\/api.w.org\/{rel}","templated":true}]}}