{"id":2773,"date":"2023-03-30T09:41:15","date_gmt":"2023-03-30T07:41:15","guid":{"rendered":"https:\/\/sv-koerne83.de\/wordpress\/?p=2773"},"modified":"2023-05-04T15:47:56","modified_gmt":"2023-05-04T13:47:56","slug":"40-jahre-sv-koerne-83","status":"publish","type":"post","link":"https:\/\/sv-koerne83.de\/wordpress\/2023\/03\/30\/40-jahre-sv-koerne-83\/","title":{"rendered":"40 Jahre SV K\u00f6rne 83"},"content":{"rendered":"\n<p>In einem Monat ist es soweit! Am 30.04.2023 feiern wir unseren 40. Geburtstag! Hierzu m\u00f6chten wir euch recht herzlich einladen. <\/p>\n\n\n\n<p>An diesem Tag bieten wir ein Fest f\u00fcr die ganze Familie. Ab 15.00 Uhr laden wir zu einem Kinderspielfest ein. Spielstationen, H\u00fcpfburg und der Zauberer\/Bauchredner Marcus Magnus werden f\u00fcr Abwechslung sorgen und den Nachmittag gestalten. (Einlass ist ab 14.00 Uhr)&nbsp;<\/p>\n\n\n\n<p>Ab 18.00 Uhr starten wir das Abendprogramm mit DJ Ralph. Um 19.00 Uhr wird unser Oberb\u00fcrgermeister Thomas Westphal Gru\u00dfworte an die G\u00e4ste richten und die Veranstaltung er\u00f6ffnen. Im Anschluss pr\u00e4sentieren wir euch die Band 4You aus Unna. In den Pausen der Band danken wir unseren G\u00f6nnern\/innen im Rahmen einer Lasershow.&nbsp;<\/p>\n\n\n\n<p>Nach dem Auftritt der Band, lassen wir den Abend mit fetziger Mucke und Lasershow ausklingen.&nbsp; Der Vereinsvorstand freut sich \u00fcber zahlreiche G\u00e4ste aus der Nachbarschaft, den befreundeten Vereinen, der Politik, Verwaltung, K\u00f6rner Kultur und Kunstverein, K\u00f6rneschaft, dem Fu\u00dfballkreis Dortmund und zahlreichen Unterst\u00fctzer\/innen!<\/p>\n","protected":false},"excerpt":{"rendered":"<p>In einem Monat ist es soweit! Am 30.04.2023 feiern wir unseren 40. Geburtstag! Hierzu m\u00f6chten wir euch recht herzlich einladen. An diesem Tag bieten wir ein Fest f\u00fcr die ganze [&hellip;]<\/p>\n","protected":false},"author":2,"featured_media":2772,"comment_status":"closed","ping_status":"open","sticky":false,"template":"","format":"standard","meta":{"_jetpack_memberships_contains_paid_content":false,"footnotes":""},"categories":[1],"tags":[],"class_list":["post-2773","post","type-post","status-publish","format-standard","has-post-thumbnail","hentry","category-allgemein"],"jetpack_sharing_enabled":true,"jetpack_featured_media_url":"https:\/\/sv-koerne83.de\/wordpress\/wp-content\/uploads\/2023\/03\/40_jahre_svk_hp-scaled.jpg","_links":{"self":[{"href":"https:\/\/sv-koerne83.de\/wordpress\/wp-json\/wp\/v2\/posts\/2773","targetHints":{"allow":["GET"]}}],"collection":[{"href":"https:\/\/sv-koerne83.de\/wordpress\/wp-json\/wp\/v2\/posts"}],"about":[{"href":"https:\/\/sv-koerne83.de\/wordpress\/wp-json\/wp\/v2\/types\/post"}],"author":[{"embeddable":true,"href":"https:\/\/sv-koerne83.de\/wordpress\/wp-json\/wp\/v2\/users\/2"}],"replies":[{"embeddable":true,"href":"https:\/\/sv-koerne83.de\/wordpress\/wp-json\/wp\/v2\/comments?post=2773"}],"version-history":[{"count":1,"href":"https:\/\/sv-koerne83.de\/wordpress\/wp-json\/wp\/v2\/posts\/2773\/revisions"}],"predecessor-version":[{"id":2774,"href":"https:\/\/sv-koerne83.de\/wordpress\/wp-json\/wp\/v2\/posts\/2773\/revisions\/2774"}],"wp:featuredmedia":[{"embeddable":true,"href":"https:\/\/sv-koerne83.de\/wordpress\/wp-json\/wp\/v2\/media\/2772"}],"wp:attachment":[{"href":"https:\/\/sv-koerne83.de\/wordpress\/wp-json\/wp\/v2\/media?parent=2773"}],"wp:term":[{"taxonomy":"category","embeddable":true,"href":"https:\/\/sv-koerne83.de\/wordpress\/wp-json\/wp\/v2\/categories?post=2773"},{"taxonomy":"post_tag","embeddable":true,"href":"https:\/\/sv-koerne83.de\/wordpress\/wp-json\/wp\/v2\/tags?post=2773"}],"curies":[{"name":"wp","href":"https:\/\/api.w.org\/{rel}","templated":true}]}}