{"id":2775,"date":"2023-04-01T09:19:29","date_gmt":"2023-04-01T07:19:29","guid":{"rendered":"https:\/\/sv-koerne83.de\/wordpress\/?p=2775"},"modified":"2023-04-01T09:19:30","modified_gmt":"2023-04-01T07:19:30","slug":"renaturierung-der-kunstrasenplaetze","status":"publish","type":"post","link":"https:\/\/sv-koerne83.de\/wordpress\/2023\/04\/01\/renaturierung-der-kunstrasenplaetze\/","title":{"rendered":"Renaturierung der Kunstrasenpl\u00e4tze"},"content":{"rendered":"\n<p>Kehrtwende im Dortmunder Amateurfu\u00dfball. In den letzten Jahren wurden fast alle Dortmunder Sportpl\u00e4tze in Kunstrasenpl\u00e4tze umgewandelt, um den Sporttreibenden einen dauerhaften Betrieb zu erm\u00f6glichen. Kunstrasenpl\u00e4tze sind widerstandsf\u00e4hig, robust und langlebig. Aber wie sieht es mit der Umweltvertr\u00e4glichkeit aus? Was passiert mit den Kunstrasenhalmen wenn diese Abbrechen?<\/p>\n\n\n\n<p>Wie jetzt auf dem Krisentreffen im Koalitionsausschuss der Bundesregierung durchsickerte, soll ein Renaturierungsprogramm von Kunstrasenpl\u00e4tzen durchgef\u00fchrt werden. Durch die dauerhafte Beanspruchung der Pl\u00e4tze und dem damit h\u00e4ufigen Abbrechen der Kunstrasenhalme wird immer mehr Kunststoff in die Umwelt abgegeben. Zus\u00e4tzlich sickert auch zu viel Plastik ins Grundwasser. Die Sportanlagen sollen wieder umweltfreundlicher werden. Getreu dem Motto &#8222;Stay clean &#8211; save green&#8220;. \u00c4hnliche Projekte gab es in Dortmund zu gen\u00fcge. Wie zum Beispiel bei dem ehemaligen Abwasserkanal, der Emscher. Diese wurde vor einigen Jahren ebenfalls renaturiert. <\/p>\n\n\n\n<p>Um der Umweltfreundlichkeit gerecht zu werden, wurde von der Bundesregierung ein Masterplan erstellt. Dieser besagt, dass alle Sportpl\u00e4tze bis zum Jahr 2028 in Naturrasenpl\u00e4tze umzuwandeln sind. <\/p>\n\n\n\n<p>Zus\u00e4tzlich zur Reduzierung der Grundwasserverschmutzung bringen Naturrasenpl\u00e4tze noch einen weiteren Vorteil mit sich. Naturrasenpl\u00e4tze reduzieren die Erhitzung der St\u00e4dte. Ein offizielles Schreiben wird in der kommenden Woche erwartet. Hier erfahren wir dann, wann die Umbauma\u00dfnahmen am Winkelriedweg starten.<\/p>\n","protected":false},"excerpt":{"rendered":"<p>Kehrtwende im Dortmunder Amateurfu\u00dfball. In den letzten Jahren wurden fast alle Dortmunder Sportpl\u00e4tze in Kunstrasenpl\u00e4tze umgewandelt, um den Sporttreibenden einen dauerhaften Betrieb zu erm\u00f6glichen. Kunstrasenpl\u00e4tze sind widerstandsf\u00e4hig, robust und langlebig. [&hellip;]<\/p>\n","protected":false},"author":2,"featured_media":2771,"comment_status":"closed","ping_status":"open","sticky":false,"template":"","format":"standard","meta":{"_jetpack_memberships_contains_paid_content":false,"footnotes":""},"categories":[1],"tags":[],"class_list":["post-2775","post","type-post","status-publish","format-standard","has-post-thumbnail","hentry","category-allgemein"],"jetpack_sharing_enabled":true,"jetpack_featured_media_url":"https:\/\/sv-koerne83.de\/wordpress\/wp-content\/uploads\/2023\/03\/football-gd39707343_1920.jpg","_links":{"self":[{"href":"https:\/\/sv-koerne83.de\/wordpress\/wp-json\/wp\/v2\/posts\/2775","targetHints":{"allow":["GET"]}}],"collection":[{"href":"https:\/\/sv-koerne83.de\/wordpress\/wp-json\/wp\/v2\/posts"}],"about":[{"href":"https:\/\/sv-koerne83.de\/wordpress\/wp-json\/wp\/v2\/types\/post"}],"author":[{"embeddable":true,"href":"https:\/\/sv-koerne83.de\/wordpress\/wp-json\/wp\/v2\/users\/2"}],"replies":[{"embeddable":true,"href":"https:\/\/sv-koerne83.de\/wordpress\/wp-json\/wp\/v2\/comments?post=2775"}],"version-history":[{"count":2,"href":"https:\/\/sv-koerne83.de\/wordpress\/wp-json\/wp\/v2\/posts\/2775\/revisions"}],"predecessor-version":[{"id":2777,"href":"https:\/\/sv-koerne83.de\/wordpress\/wp-json\/wp\/v2\/posts\/2775\/revisions\/2777"}],"wp:featuredmedia":[{"embeddable":true,"href":"https:\/\/sv-koerne83.de\/wordpress\/wp-json\/wp\/v2\/media\/2771"}],"wp:attachment":[{"href":"https:\/\/sv-koerne83.de\/wordpress\/wp-json\/wp\/v2\/media?parent=2775"}],"wp:term":[{"taxonomy":"category","embeddable":true,"href":"https:\/\/sv-koerne83.de\/wordpress\/wp-json\/wp\/v2\/categories?post=2775"},{"taxonomy":"post_tag","embeddable":true,"href":"https:\/\/sv-koerne83.de\/wordpress\/wp-json\/wp\/v2\/tags?post=2775"}],"curies":[{"name":"wp","href":"https:\/\/api.w.org\/{rel}","templated":true}]}}