{"id":2779,"date":"2023-04-04T08:40:08","date_gmt":"2023-04-04T06:40:08","guid":{"rendered":"https:\/\/sv-koerne83.de\/wordpress\/?p=2779"},"modified":"2023-04-04T08:40:09","modified_gmt":"2023-04-04T06:40:09","slug":"minikicker-spielen-osterhallenturnier","status":"publish","type":"post","link":"https:\/\/sv-koerne83.de\/wordpress\/2023\/04\/04\/minikicker-spielen-osterhallenturnier\/","title":{"rendered":"Minikicker spielen Osterhallenturnier"},"content":{"rendered":"\n<p>An diesem Samstag spielen unsere Minikicker bei dem Spielfest der diesj\u00e4hrigen Hallenstadtmeisterschaft mit. Gespielt wird gegen die Mannschaften von Westfalia Huckarde, RW Barop, BW Alstedde, VfR Kirchlinde, TV Brechten II, BV L\u00fcnen 05, H\u00f6rder SC II und L\u00fcner SV. Die Minikicker freuen sich \u00fcber viel Unterst\u00fctzung. Das Turnier beginnt um 10.00 Uhr in der Sporthalle Huckarde (Parsevalstra\u00dfe).<\/p>\n","protected":false},"excerpt":{"rendered":"<p>An diesem Samstag spielen unsere Minikicker bei dem Spielfest der diesj\u00e4hrigen Hallenstadtmeisterschaft mit. Gespielt wird gegen die Mannschaften von Westfalia Huckarde, RW Barop, BW Alstedde, VfR Kirchlinde, TV Brechten II, [&hellip;]<\/p>\n","protected":false},"author":2,"featured_media":2780,"comment_status":"closed","ping_status":"open","sticky":false,"template":"","format":"standard","meta":{"_jetpack_memberships_contains_paid_content":false,"footnotes":""},"categories":[1,35],"tags":[],"class_list":["post-2779","post","type-post","status-publish","format-standard","has-post-thumbnail","hentry","category-allgemein","category-jugend"],"jetpack_sharing_enabled":true,"jetpack_featured_media_url":"https:\/\/sv-koerne83.de\/wordpress\/wp-content\/uploads\/2023\/04\/SVK_Spieltagsankuendigung_2022_2023_minikicker2.png","_links":{"self":[{"href":"https:\/\/sv-koerne83.de\/wordpress\/wp-json\/wp\/v2\/posts\/2779","targetHints":{"allow":["GET"]}}],"collection":[{"href":"https:\/\/sv-koerne83.de\/wordpress\/wp-json\/wp\/v2\/posts"}],"about":[{"href":"https:\/\/sv-koerne83.de\/wordpress\/wp-json\/wp\/v2\/types\/post"}],"author":[{"embeddable":true,"href":"https:\/\/sv-koerne83.de\/wordpress\/wp-json\/wp\/v2\/users\/2"}],"replies":[{"embeddable":true,"href":"https:\/\/sv-koerne83.de\/wordpress\/wp-json\/wp\/v2\/comments?post=2779"}],"version-history":[{"count":1,"href":"https:\/\/sv-koerne83.de\/wordpress\/wp-json\/wp\/v2\/posts\/2779\/revisions"}],"predecessor-version":[{"id":2781,"href":"https:\/\/sv-koerne83.de\/wordpress\/wp-json\/wp\/v2\/posts\/2779\/revisions\/2781"}],"wp:featuredmedia":[{"embeddable":true,"href":"https:\/\/sv-koerne83.de\/wordpress\/wp-json\/wp\/v2\/media\/2780"}],"wp:attachment":[{"href":"https:\/\/sv-koerne83.de\/wordpress\/wp-json\/wp\/v2\/media?parent=2779"}],"wp:term":[{"taxonomy":"category","embeddable":true,"href":"https:\/\/sv-koerne83.de\/wordpress\/wp-json\/wp\/v2\/categories?post=2779"},{"taxonomy":"post_tag","embeddable":true,"href":"https:\/\/sv-koerne83.de\/wordpress\/wp-json\/wp\/v2\/tags?post=2779"}],"curies":[{"name":"wp","href":"https:\/\/api.w.org\/{rel}","templated":true}]}}