{"id":2782,"date":"2023-04-04T12:13:17","date_gmt":"2023-04-04T10:13:17","guid":{"rendered":"https:\/\/sv-koerne83.de\/wordpress\/?p=2782"},"modified":"2023-04-04T12:13:18","modified_gmt":"2023-04-04T10:13:18","slug":"a-jugend-spielt-bei-der-jhsm","status":"publish","type":"post","link":"https:\/\/sv-koerne83.de\/wordpress\/2023\/04\/04\/a-jugend-spielt-bei-der-jhsm\/","title":{"rendered":"A-Jugend spielt bei der JHSM"},"content":{"rendered":"\n<p>An diesem Samstag spielt unsere A-Jugend bei der diesj\u00e4hrigen Hallenstadtmeisterschaft mit. Als frischgebackener Aufsteiger trifft das Team von Trainer Andreas Venezia auf den Bezirksligisten und Ortsnachbarn DJK TuS K\u00f6rne. Au\u00dferdem spielt man gegen die Meisterschaftsgruppengegner von Westfalia Wickede und T\u00fcrkspor Dortmund. Die Gruppe vervollst\u00e4ndigt der Kreisligist KF Sharri. Das Turnier beginnt um 15.00 Uhr. Gespielt wird in der Halle Hacheney (Hacheneyer Stra\u00dfe).<\/p>\n","protected":false},"excerpt":{"rendered":"<p>An diesem Samstag spielt unsere A-Jugend bei der diesj\u00e4hrigen Hallenstadtmeisterschaft mit. Als frischgebackener Aufsteiger trifft das Team von Trainer Andreas Venezia auf den Bezirksligisten und Ortsnachbarn DJK TuS K\u00f6rne. Au\u00dferdem [&hellip;]<\/p>\n","protected":false},"author":2,"featured_media":2783,"comment_status":"closed","ping_status":"open","sticky":false,"template":"","format":"standard","meta":{"_jetpack_memberships_contains_paid_content":false,"footnotes":""},"categories":[1,35],"tags":[],"class_list":["post-2782","post","type-post","status-publish","format-standard","has-post-thumbnail","hentry","category-allgemein","category-jugend"],"jetpack_sharing_enabled":true,"jetpack_featured_media_url":"https:\/\/sv-koerne83.de\/wordpress\/wp-content\/uploads\/2023\/04\/SVK_Spieltagsankuendigung_2022_20232.png","_links":{"self":[{"href":"https:\/\/sv-koerne83.de\/wordpress\/wp-json\/wp\/v2\/posts\/2782","targetHints":{"allow":["GET"]}}],"collection":[{"href":"https:\/\/sv-koerne83.de\/wordpress\/wp-json\/wp\/v2\/posts"}],"about":[{"href":"https:\/\/sv-koerne83.de\/wordpress\/wp-json\/wp\/v2\/types\/post"}],"author":[{"embeddable":true,"href":"https:\/\/sv-koerne83.de\/wordpress\/wp-json\/wp\/v2\/users\/2"}],"replies":[{"embeddable":true,"href":"https:\/\/sv-koerne83.de\/wordpress\/wp-json\/wp\/v2\/comments?post=2782"}],"version-history":[{"count":1,"href":"https:\/\/sv-koerne83.de\/wordpress\/wp-json\/wp\/v2\/posts\/2782\/revisions"}],"predecessor-version":[{"id":2784,"href":"https:\/\/sv-koerne83.de\/wordpress\/wp-json\/wp\/v2\/posts\/2782\/revisions\/2784"}],"wp:featuredmedia":[{"embeddable":true,"href":"https:\/\/sv-koerne83.de\/wordpress\/wp-json\/wp\/v2\/media\/2783"}],"wp:attachment":[{"href":"https:\/\/sv-koerne83.de\/wordpress\/wp-json\/wp\/v2\/media?parent=2782"}],"wp:term":[{"taxonomy":"category","embeddable":true,"href":"https:\/\/sv-koerne83.de\/wordpress\/wp-json\/wp\/v2\/categories?post=2782"},{"taxonomy":"post_tag","embeddable":true,"href":"https:\/\/sv-koerne83.de\/wordpress\/wp-json\/wp\/v2\/tags?post=2782"}],"curies":[{"name":"wp","href":"https:\/\/api.w.org\/{rel}","templated":true}]}}