{"id":2785,"date":"2023-04-05T12:42:47","date_gmt":"2023-04-05T10:42:47","guid":{"rendered":"https:\/\/sv-koerne83.de\/wordpress\/?p=2785"},"modified":"2023-04-05T12:42:47","modified_gmt":"2023-04-05T10:42:47","slug":"d2-jugend-bei-der-jhsm","status":"publish","type":"post","link":"https:\/\/sv-koerne83.de\/wordpress\/2023\/04\/05\/d2-jugend-bei-der-jhsm\/","title":{"rendered":"D2-Jugend bei der JHSM"},"content":{"rendered":"\n<p>Bei dem diesj\u00e4hrigen D2 Turnier der Hallenstadtmeisterschaften startet unsere D3 ins Turnier. Die Mannschaft von Mario Leisner tritt in der Sporthalle Hacheney auf den H\u00f6rder SC II, Kirchh\u00f6rder SC II und TSC Eintracht II. Ansto\u00df am Ostersonntag ist um 10.00 Uhr. Das Team freut sich auf viele Fans.<\/p>\n","protected":false},"excerpt":{"rendered":"<p>Bei dem diesj\u00e4hrigen D2 Turnier der Hallenstadtmeisterschaften startet unsere D3 ins Turnier. Die Mannschaft von Mario Leisner tritt in der Sporthalle Hacheney auf den H\u00f6rder SC II, Kirchh\u00f6rder SC II [&hellip;]<\/p>\n","protected":false},"author":2,"featured_media":2786,"comment_status":"closed","ping_status":"open","sticky":false,"template":"","format":"standard","meta":{"_jetpack_memberships_contains_paid_content":false,"footnotes":""},"categories":[1,35],"tags":[],"class_list":["post-2785","post","type-post","status-publish","format-standard","has-post-thumbnail","hentry","category-allgemein","category-jugend"],"jetpack_sharing_enabled":true,"jetpack_featured_media_url":"https:\/\/sv-koerne83.de\/wordpress\/wp-content\/uploads\/2023\/04\/SVK_Spieltagsankuendigung_2022_2023_d22.png","_links":{"self":[{"href":"https:\/\/sv-koerne83.de\/wordpress\/wp-json\/wp\/v2\/posts\/2785","targetHints":{"allow":["GET"]}}],"collection":[{"href":"https:\/\/sv-koerne83.de\/wordpress\/wp-json\/wp\/v2\/posts"}],"about":[{"href":"https:\/\/sv-koerne83.de\/wordpress\/wp-json\/wp\/v2\/types\/post"}],"author":[{"embeddable":true,"href":"https:\/\/sv-koerne83.de\/wordpress\/wp-json\/wp\/v2\/users\/2"}],"replies":[{"embeddable":true,"href":"https:\/\/sv-koerne83.de\/wordpress\/wp-json\/wp\/v2\/comments?post=2785"}],"version-history":[{"count":1,"href":"https:\/\/sv-koerne83.de\/wordpress\/wp-json\/wp\/v2\/posts\/2785\/revisions"}],"predecessor-version":[{"id":2787,"href":"https:\/\/sv-koerne83.de\/wordpress\/wp-json\/wp\/v2\/posts\/2785\/revisions\/2787"}],"wp:featuredmedia":[{"embeddable":true,"href":"https:\/\/sv-koerne83.de\/wordpress\/wp-json\/wp\/v2\/media\/2786"}],"wp:attachment":[{"href":"https:\/\/sv-koerne83.de\/wordpress\/wp-json\/wp\/v2\/media?parent=2785"}],"wp:term":[{"taxonomy":"category","embeddable":true,"href":"https:\/\/sv-koerne83.de\/wordpress\/wp-json\/wp\/v2\/categories?post=2785"},{"taxonomy":"post_tag","embeddable":true,"href":"https:\/\/sv-koerne83.de\/wordpress\/wp-json\/wp\/v2\/tags?post=2785"}],"curies":[{"name":"wp","href":"https:\/\/api.w.org\/{rel}","templated":true}]}}