{"id":2805,"date":"2023-04-14T09:43:21","date_gmt":"2023-04-14T07:43:21","guid":{"rendered":"https:\/\/sv-koerne83.de\/wordpress\/?p=2805"},"modified":"2023-04-14T09:43:22","modified_gmt":"2023-04-14T07:43:22","slug":"jhsm-2023","status":"publish","type":"post","link":"https:\/\/sv-koerne83.de\/wordpress\/2023\/04\/14\/jhsm-2023\/","title":{"rendered":"JHSM 2023"},"content":{"rendered":"\n<p>Am vergangenen Wochenende spielten viele Mannschaften von uns bei den Hallenstadtmeisterschaften mit. Sowohl am Samstag, Sonntag wie auch am Ostermontag duellierten sich die Teams in den jeweiligen Sporthallen. Leider konnten sich die A-Jugend, unsere D-Jugendmannschaften wie auch unsere E2-Jugend nicht f\u00fcr die Finalrunden qualifizieren. Dennoch freut es uns, dass wir in dieser Mannschaftsst\u00e4rke den Verein repr\u00e4sentiert haben. <\/p>\n\n\n\n<p>F\u00fcr unsere F-Jugend steht an diesem Sonntag noch das Finalturnier an. Gespielt wird in der Halle Brackel. Unsere Minikicker reisen am morgigen Samstag zur Halle Huckarde und spielen dort den zweiten Teil vom Hallenspielfest 2023. <\/p>\n","protected":false},"excerpt":{"rendered":"<p>Am vergangenen Wochenende spielten viele Mannschaften von uns bei den Hallenstadtmeisterschaften mit. Sowohl am Samstag, Sonntag wie auch am Ostermontag duellierten sich die Teams in den jeweiligen Sporthallen. Leider konnten [&hellip;]<\/p>\n","protected":false},"author":2,"featured_media":2815,"comment_status":"closed","ping_status":"open","sticky":false,"template":"","format":"standard","meta":{"_jetpack_memberships_contains_paid_content":false,"footnotes":""},"categories":[1,35],"tags":[],"class_list":["post-2805","post","type-post","status-publish","format-standard","has-post-thumbnail","hentry","category-allgemein","category-jugend"],"jetpack_sharing_enabled":true,"jetpack_featured_media_url":"https:\/\/sv-koerne83.de\/wordpress\/wp-content\/uploads\/2023\/04\/SVK_Spieltagsankuendigung_2022_2023_collage2.png","_links":{"self":[{"href":"https:\/\/sv-koerne83.de\/wordpress\/wp-json\/wp\/v2\/posts\/2805","targetHints":{"allow":["GET"]}}],"collection":[{"href":"https:\/\/sv-koerne83.de\/wordpress\/wp-json\/wp\/v2\/posts"}],"about":[{"href":"https:\/\/sv-koerne83.de\/wordpress\/wp-json\/wp\/v2\/types\/post"}],"author":[{"embeddable":true,"href":"https:\/\/sv-koerne83.de\/wordpress\/wp-json\/wp\/v2\/users\/2"}],"replies":[{"embeddable":true,"href":"https:\/\/sv-koerne83.de\/wordpress\/wp-json\/wp\/v2\/comments?post=2805"}],"version-history":[{"count":4,"href":"https:\/\/sv-koerne83.de\/wordpress\/wp-json\/wp\/v2\/posts\/2805\/revisions"}],"predecessor-version":[{"id":2816,"href":"https:\/\/sv-koerne83.de\/wordpress\/wp-json\/wp\/v2\/posts\/2805\/revisions\/2816"}],"wp:featuredmedia":[{"embeddable":true,"href":"https:\/\/sv-koerne83.de\/wordpress\/wp-json\/wp\/v2\/media\/2815"}],"wp:attachment":[{"href":"https:\/\/sv-koerne83.de\/wordpress\/wp-json\/wp\/v2\/media?parent=2805"}],"wp:term":[{"taxonomy":"category","embeddable":true,"href":"https:\/\/sv-koerne83.de\/wordpress\/wp-json\/wp\/v2\/categories?post=2805"},{"taxonomy":"post_tag","embeddable":true,"href":"https:\/\/sv-koerne83.de\/wordpress\/wp-json\/wp\/v2\/tags?post=2805"}],"curies":[{"name":"wp","href":"https:\/\/api.w.org\/{rel}","templated":true}]}}