{"id":2808,"date":"2023-04-12T11:57:31","date_gmt":"2023-04-12T09:57:31","guid":{"rendered":"https:\/\/sv-koerne83.de\/wordpress\/?p=2808"},"modified":"2023-04-12T11:57:32","modified_gmt":"2023-04-12T09:57:32","slug":"hallenspielfest-2023","status":"publish","type":"post","link":"https:\/\/sv-koerne83.de\/wordpress\/2023\/04\/12\/hallenspielfest-2023\/","title":{"rendered":"Hallenspielfest 2023"},"content":{"rendered":"\n<p>F\u00fcr unsere Minikicker steht an diesem Samstag der zweite Teil vom diesj\u00e4hrigen Hallenspielfest an. Die Mannschaft trifft in der Halle Huckarde auf den H\u00f6rder SC II, SV Westfalia Huckarde und den TV Brechten II. Das Turnier beginnt um 10.00 Uhr. Die Mannschaft freut sich \u00fcber zahlreiche Unterst\u00fctzung. <\/p>\n","protected":false},"excerpt":{"rendered":"<p>F\u00fcr unsere Minikicker steht an diesem Samstag der zweite Teil vom diesj\u00e4hrigen Hallenspielfest an. Die Mannschaft trifft in der Halle Huckarde auf den H\u00f6rder SC II, SV Westfalia Huckarde und [&hellip;]<\/p>\n","protected":false},"author":2,"featured_media":2804,"comment_status":"closed","ping_status":"open","sticky":false,"template":"","format":"standard","meta":{"_jetpack_memberships_contains_paid_content":false,"footnotes":""},"categories":[1,35],"tags":[],"class_list":["post-2808","post","type-post","status-publish","format-standard","has-post-thumbnail","hentry","category-allgemein","category-jugend"],"jetpack_sharing_enabled":true,"jetpack_featured_media_url":"https:\/\/sv-koerne83.de\/wordpress\/wp-content\/uploads\/2023\/04\/SVK_Spieltagsankuendigung_2022_2023_g2.png","_links":{"self":[{"href":"https:\/\/sv-koerne83.de\/wordpress\/wp-json\/wp\/v2\/posts\/2808","targetHints":{"allow":["GET"]}}],"collection":[{"href":"https:\/\/sv-koerne83.de\/wordpress\/wp-json\/wp\/v2\/posts"}],"about":[{"href":"https:\/\/sv-koerne83.de\/wordpress\/wp-json\/wp\/v2\/types\/post"}],"author":[{"embeddable":true,"href":"https:\/\/sv-koerne83.de\/wordpress\/wp-json\/wp\/v2\/users\/2"}],"replies":[{"embeddable":true,"href":"https:\/\/sv-koerne83.de\/wordpress\/wp-json\/wp\/v2\/comments?post=2808"}],"version-history":[{"count":1,"href":"https:\/\/sv-koerne83.de\/wordpress\/wp-json\/wp\/v2\/posts\/2808\/revisions"}],"predecessor-version":[{"id":2809,"href":"https:\/\/sv-koerne83.de\/wordpress\/wp-json\/wp\/v2\/posts\/2808\/revisions\/2809"}],"wp:featuredmedia":[{"embeddable":true,"href":"https:\/\/sv-koerne83.de\/wordpress\/wp-json\/wp\/v2\/media\/2804"}],"wp:attachment":[{"href":"https:\/\/sv-koerne83.de\/wordpress\/wp-json\/wp\/v2\/media?parent=2808"}],"wp:term":[{"taxonomy":"category","embeddable":true,"href":"https:\/\/sv-koerne83.de\/wordpress\/wp-json\/wp\/v2\/categories?post=2808"},{"taxonomy":"post_tag","embeddable":true,"href":"https:\/\/sv-koerne83.de\/wordpress\/wp-json\/wp\/v2\/tags?post=2808"}],"curies":[{"name":"wp","href":"https:\/\/api.w.org\/{rel}","templated":true}]}}