{"id":2823,"date":"2023-05-05T09:43:51","date_gmt":"2023-05-05T07:43:51","guid":{"rendered":"https:\/\/sv-koerne83.de\/wordpress\/?p=2823"},"modified":"2023-05-05T09:43:52","modified_gmt":"2023-05-05T07:43:52","slug":"40-jahre-sv-koerne-83-2","status":"publish","type":"post","link":"https:\/\/sv-koerne83.de\/wordpress\/2023\/05\/05\/40-jahre-sv-koerne-83-2\/","title":{"rendered":"40 Jahre SV K\u00f6rne 83"},"content":{"rendered":"\n<p>Am vergangenen Wochenende feierten wir unser 40. Vereinsjubil\u00e4um. Kaiserwetter, zahlreiche Besucher und unser Oberb\u00fcrgermeister Thomas Westphal lie\u00dfen das Fest zu einem Highlight werden. Bereits in den Nachmittagsstunden fanden sich zahlreiche Besucher auf der Sportanlage ein. Mehr als 300 Kindern wurden zahlreiche Attraktionen geboten. Zwei Auftritte vom Bauchredner und Zauberer Marcus Magnus verz\u00fcckten die Kids.<\/p>\n\n\n\n<p>Gegen 19.00 Uhr begann der Hauptakt des Tages. Tim Exner und Eddy Hoffmann begr\u00fc\u00dften Oberb\u00fcrgermeister Thomas Westphal und B\u00fcrgermeisterin Ute Mais zum Festtag des Vereines. Wir sind extrem stolz: Unser OB zeigt sich extrem b\u00fcrgernah und sch\u00fcttelte zahlreichen Besuchern pers\u00f6nlich die Hand. Sein Outfit in schwarzgelb zeigte seine Verbundenheit zu der Stadt und unserem BVB.&nbsp;Thomas Westphal \u00fcbermittelte Gr\u00fc\u00dfe und er\u00f6ffnete offiziell die Veranstaltung. B\u00fcrgermeisterin Ute Mais stellte die herausragenden Leistungen des SV K\u00f6rne 83 und s\u00e4mtlicher Sportvereine in Dortmund in den Mittelpunkt. Im Anschluss \u00fcberreichte Eddy Hoffmann dem OB einen Heimatring unserer Stadt. Der K\u00f6rner\/Wambeler Goldschmiedemeister Reinhard Willeke hat den Heimatring zur Feier des Tages veredelt. Das Rathaus auf dem Ring wurde vergoldet und die Initialen des OB hinzugef\u00fcgt. Sichtlich ger\u00fchrt nahm der OB den Ring entgegen. Ute Mais erhielt f\u00fcr ihre Sammlung einen Vereinsschal des SV K\u00f6rne 83.<\/p>\n\n\n\n<figure class=\"wp-block-image size-large\"><img loading=\"lazy\" decoding=\"async\" width=\"1024\" height=\"1024\" src=\"https:\/\/sv-koerne83.de\/wordpress\/wp-content\/uploads\/2023\/05\/83B6A7AE-E699-4B1F-9FDF-8E9D744D2BF4-1024x1024.jpeg\" alt=\"\" class=\"wp-image-2819\" srcset=\"https:\/\/sv-koerne83.de\/wordpress\/wp-content\/uploads\/2023\/05\/83B6A7AE-E699-4B1F-9FDF-8E9D744D2BF4-1024x1024.jpeg 1024w, https:\/\/sv-koerne83.de\/wordpress\/wp-content\/uploads\/2023\/05\/83B6A7AE-E699-4B1F-9FDF-8E9D744D2BF4-300x300.jpeg 300w, https:\/\/sv-koerne83.de\/wordpress\/wp-content\/uploads\/2023\/05\/83B6A7AE-E699-4B1F-9FDF-8E9D744D2BF4-150x150.jpeg 150w, https:\/\/sv-koerne83.de\/wordpress\/wp-content\/uploads\/2023\/05\/83B6A7AE-E699-4B1F-9FDF-8E9D744D2BF4-768x768.jpeg 768w, https:\/\/sv-koerne83.de\/wordpress\/wp-content\/uploads\/2023\/05\/83B6A7AE-E699-4B1F-9FDF-8E9D744D2BF4-500x500.jpeg 500w, https:\/\/sv-koerne83.de\/wordpress\/wp-content\/uploads\/2023\/05\/83B6A7AE-E699-4B1F-9FDF-8E9D744D2BF4-400x400.jpeg 400w, https:\/\/sv-koerne83.de\/wordpress\/wp-content\/uploads\/2023\/05\/83B6A7AE-E699-4B1F-9FDF-8E9D744D2BF4-1536x1536.jpeg 1536w, https:\/\/sv-koerne83.de\/wordpress\/wp-content\/uploads\/2023\/05\/83B6A7AE-E699-4B1F-9FDF-8E9D744D2BF4-2048x2048.jpeg 2048w, https:\/\/sv-koerne83.de\/wordpress\/wp-content\/uploads\/2023\/05\/83B6A7AE-E699-4B1F-9FDF-8E9D744D2BF4-128x128.jpeg 128w, https:\/\/sv-koerne83.de\/wordpress\/wp-content\/uploads\/2023\/05\/83B6A7AE-E699-4B1F-9FDF-8E9D744D2BF4-32x32.jpeg 32w\" sizes=\"auto, (max-width: 1024px) 100vw, 1024px\" \/><\/figure>\n\n\n\n<p>Im Anschluss wurden einige Vereinsmitglieder geehrt. Dustin Werner erh\u00e4lt eine Urkunde f\u00fcr seine 10-j\u00e4hrige Mitgliedschaft. Bernd Mosler, Gr\u00fcndungs- und 40-j\u00e4hriges Mitglied des Vereines erhielt die goldene Ehrennadel und einen handgestrickten Schal des Vereines. Mit Peter Demarczyk (Anreise aus Mecklenburg-Vorpommern), Bernd Mosler und Herbert Wrede war der Vorstand des Gr\u00fcnderjahres komplett auf der B\u00fchne. Mustapha Ajroudi (25 Jahre Schiedsrichter f\u00fcr den SVK), Udo Behrmann und Uli Korte freuten sich viele Freunde wieder zu sehen. Willi Kirchhoff (Jugendleiter von 1990 bis 2006 und) betrat die B\u00fchne und wurde mit zahlreichen \u201eWilli, Willi\u201c Rufen empfangen. Er erhielt den zweiten handgestrickten Schal des Vereines. Tim Exner (2. Vorsitzender) und Pawel Bartoszek nahmen die Schals drei und vier entgegen. Bei der \u00dcbergabe stellte Eddy Hoffmann klar, dass diese Ehrung ein erstes Zeichen der Staffel\u00fcbergabe innerhalb des Vereins sein soll. \u201eMeine Frau hat diese&nbsp;Schals gestrickt und bei der Entscheidung beigetragen, diese Schals den richtigen H\u00e4nden zu geben\u201c, so Eddy Hoffmann.&nbsp;&nbsp;<\/p>\n\n\n\n<figure class=\"wp-block-image size-large\"><img loading=\"lazy\" decoding=\"async\" width=\"1024\" height=\"1024\" src=\"https:\/\/sv-koerne83.de\/wordpress\/wp-content\/uploads\/2023\/05\/14E4BAB1-C8B1-4807-B6CC-D957D5043DA9-1024x1024.jpeg\" alt=\"\" class=\"wp-image-2821\" srcset=\"https:\/\/sv-koerne83.de\/wordpress\/wp-content\/uploads\/2023\/05\/14E4BAB1-C8B1-4807-B6CC-D957D5043DA9-1024x1024.jpeg 1024w, https:\/\/sv-koerne83.de\/wordpress\/wp-content\/uploads\/2023\/05\/14E4BAB1-C8B1-4807-B6CC-D957D5043DA9-300x300.jpeg 300w, https:\/\/sv-koerne83.de\/wordpress\/wp-content\/uploads\/2023\/05\/14E4BAB1-C8B1-4807-B6CC-D957D5043DA9-150x150.jpeg 150w, https:\/\/sv-koerne83.de\/wordpress\/wp-content\/uploads\/2023\/05\/14E4BAB1-C8B1-4807-B6CC-D957D5043DA9-768x768.jpeg 768w, https:\/\/sv-koerne83.de\/wordpress\/wp-content\/uploads\/2023\/05\/14E4BAB1-C8B1-4807-B6CC-D957D5043DA9-500x500.jpeg 500w, https:\/\/sv-koerne83.de\/wordpress\/wp-content\/uploads\/2023\/05\/14E4BAB1-C8B1-4807-B6CC-D957D5043DA9-400x400.jpeg 400w, https:\/\/sv-koerne83.de\/wordpress\/wp-content\/uploads\/2023\/05\/14E4BAB1-C8B1-4807-B6CC-D957D5043DA9-1536x1536.jpeg 1536w, https:\/\/sv-koerne83.de\/wordpress\/wp-content\/uploads\/2023\/05\/14E4BAB1-C8B1-4807-B6CC-D957D5043DA9-2048x2048.jpeg 2048w, https:\/\/sv-koerne83.de\/wordpress\/wp-content\/uploads\/2023\/05\/14E4BAB1-C8B1-4807-B6CC-D957D5043DA9-128x128.jpeg 128w, https:\/\/sv-koerne83.de\/wordpress\/wp-content\/uploads\/2023\/05\/14E4BAB1-C8B1-4807-B6CC-D957D5043DA9-32x32.jpeg 32w\" sizes=\"auto, (max-width: 1024px) 100vw, 1024px\" \/><\/figure>\n\n\n\n<p>Tim Exner ehrte Eddy Hoffmann f\u00fcr 40 Jahre Mitgliedschaft und 38 Jahre Vorstandsarbeit mit der goldenen Ehrennadel. \u201eDas wurde auch mal langsam Zeit, schlie\u00dflich kann sich Eddy ja nicht selbst ehren! 38 Jahre Vorstandsarbeit mit dem vorl\u00e4ufigen Ergebnis: toller Verein, tolle Sportanlage. Ein Lebenswerk!\u201c, so die Aussage von Tim Exner.<\/p>\n\n\n\n<p>Sichtlich ger\u00fchrt bedankte sich Eddy Hoffmann bei allen G\u00e4sten, bei s\u00e4mtlichen Helfern, Trainer Betreuern und allen die an der Umsetzung dieses Festes beigetragen haben!<\/p>\n\n\n\n<figure class=\"wp-block-image size-large\"><img loading=\"lazy\" decoding=\"async\" width=\"1024\" height=\"1024\" src=\"https:\/\/sv-koerne83.de\/wordpress\/wp-content\/uploads\/2023\/05\/26709225-AB65-4925-8AC8-7CDFFE637D46-1024x1024.jpeg\" alt=\"\" class=\"wp-image-2820\" srcset=\"https:\/\/sv-koerne83.de\/wordpress\/wp-content\/uploads\/2023\/05\/26709225-AB65-4925-8AC8-7CDFFE637D46-1024x1024.jpeg 1024w, https:\/\/sv-koerne83.de\/wordpress\/wp-content\/uploads\/2023\/05\/26709225-AB65-4925-8AC8-7CDFFE637D46-300x300.jpeg 300w, https:\/\/sv-koerne83.de\/wordpress\/wp-content\/uploads\/2023\/05\/26709225-AB65-4925-8AC8-7CDFFE637D46-150x150.jpeg 150w, https:\/\/sv-koerne83.de\/wordpress\/wp-content\/uploads\/2023\/05\/26709225-AB65-4925-8AC8-7CDFFE637D46-768x768.jpeg 768w, https:\/\/sv-koerne83.de\/wordpress\/wp-content\/uploads\/2023\/05\/26709225-AB65-4925-8AC8-7CDFFE637D46-500x500.jpeg 500w, https:\/\/sv-koerne83.de\/wordpress\/wp-content\/uploads\/2023\/05\/26709225-AB65-4925-8AC8-7CDFFE637D46-400x400.jpeg 400w, https:\/\/sv-koerne83.de\/wordpress\/wp-content\/uploads\/2023\/05\/26709225-AB65-4925-8AC8-7CDFFE637D46-1536x1536.jpeg 1536w, https:\/\/sv-koerne83.de\/wordpress\/wp-content\/uploads\/2023\/05\/26709225-AB65-4925-8AC8-7CDFFE637D46-2048x2048.jpeg 2048w, https:\/\/sv-koerne83.de\/wordpress\/wp-content\/uploads\/2023\/05\/26709225-AB65-4925-8AC8-7CDFFE637D46-128x128.jpeg 128w, https:\/\/sv-koerne83.de\/wordpress\/wp-content\/uploads\/2023\/05\/26709225-AB65-4925-8AC8-7CDFFE637D46-32x32.jpeg 32w\" sizes=\"auto, (max-width: 1024px) 100vw, 1024px\" \/><\/figure>\n\n\n\n<p>Anschlie\u00dfend \u00fcbernahm die Band 4You das Programm und heizte den G\u00e4sten ein. Um 22 und 23 Uhr wurde eine tolle Lasershow gezeigt. Ab Mitternacht wurde im Vereinsheim nochmals Gas gegeben bis die Sonne aufging.<\/p>\n\n\n\n<p><strong>Res\u00fcmee:<br><\/strong>Der SV K\u00f6rne 83 hat einen tollen Tag bereitet. Zwischen 2500 bis 3000 G\u00e4ste haben im Laufe des Tages die Veranstaltung besucht, in der Spitzenzeit (16.00 Uhr) waren 800 bis 1000 Besucher gleichzeitig vor Ort. Unsere 60 Helfer*innen sorgten f\u00fcr einen reibungslosen Ablauf.<\/p>\n","protected":false},"excerpt":{"rendered":"<p>Am vergangenen Wochenende feierten wir unser 40. Vereinsjubil\u00e4um. Kaiserwetter, zahlreiche Besucher und unser Oberb\u00fcrgermeister Thomas Westphal lie\u00dfen das Fest zu einem Highlight werden. Bereits in den Nachmittagsstunden fanden sich zahlreiche [&hellip;]<\/p>\n","protected":false},"author":2,"featured_media":2822,"comment_status":"closed","ping_status":"open","sticky":false,"template":"","format":"standard","meta":{"_jetpack_memberships_contains_paid_content":false,"footnotes":""},"categories":[1],"tags":[],"class_list":["post-2823","post","type-post","status-publish","format-standard","has-post-thumbnail","hentry","category-allgemein"],"jetpack_sharing_enabled":true,"jetpack_featured_media_url":"https:\/\/sv-koerne83.de\/wordpress\/wp-content\/uploads\/2023\/05\/af5de04b-8b51-4004-8b5d-d8309e189a55.jpg","_links":{"self":[{"href":"https:\/\/sv-koerne83.de\/wordpress\/wp-json\/wp\/v2\/posts\/2823","targetHints":{"allow":["GET"]}}],"collection":[{"href":"https:\/\/sv-koerne83.de\/wordpress\/wp-json\/wp\/v2\/posts"}],"about":[{"href":"https:\/\/sv-koerne83.de\/wordpress\/wp-json\/wp\/v2\/types\/post"}],"author":[{"embeddable":true,"href":"https:\/\/sv-koerne83.de\/wordpress\/wp-json\/wp\/v2\/users\/2"}],"replies":[{"embeddable":true,"href":"https:\/\/sv-koerne83.de\/wordpress\/wp-json\/wp\/v2\/comments?post=2823"}],"version-history":[{"count":1,"href":"https:\/\/sv-koerne83.de\/wordpress\/wp-json\/wp\/v2\/posts\/2823\/revisions"}],"predecessor-version":[{"id":2824,"href":"https:\/\/sv-koerne83.de\/wordpress\/wp-json\/wp\/v2\/posts\/2823\/revisions\/2824"}],"wp:featuredmedia":[{"embeddable":true,"href":"https:\/\/sv-koerne83.de\/wordpress\/wp-json\/wp\/v2\/media\/2822"}],"wp:attachment":[{"href":"https:\/\/sv-koerne83.de\/wordpress\/wp-json\/wp\/v2\/media?parent=2823"}],"wp:term":[{"taxonomy":"category","embeddable":true,"href":"https:\/\/sv-koerne83.de\/wordpress\/wp-json\/wp\/v2\/categories?post=2823"},{"taxonomy":"post_tag","embeddable":true,"href":"https:\/\/sv-koerne83.de\/wordpress\/wp-json\/wp\/v2\/tags?post=2823"}],"curies":[{"name":"wp","href":"https:\/\/api.w.org\/{rel}","templated":true}]}}