{"id":2858,"date":"2023-06-26T11:51:55","date_gmt":"2023-06-26T09:51:55","guid":{"rendered":"https:\/\/sv-koerne83.de\/wordpress\/?p=2858"},"modified":"2023-06-26T11:51:56","modified_gmt":"2023-06-26T09:51:56","slug":"40-koerner-treff","status":"publish","type":"post","link":"https:\/\/sv-koerne83.de\/wordpress\/2023\/06\/26\/40-koerner-treff\/","title":{"rendered":"40. K\u00f6rner Treff"},"content":{"rendered":"\n<p>In diesem Jahr findet der 40. K\u00f6rner Treff am 04. und 05. August auf unserer Sportanlage statt. Wie in jedem Jahr, k\u00f6nnen wir mit einem tollen Programm punkten. <\/p>\n\n\n\n<p><strong>FREITAG | 04. August 2023<\/strong><br>ab 18.30 Uhr: <br>D\u00e4mmershoppen in gem\u00fctlicher Atmosph\u00e4re. Genie\u00dft k\u00fchle Getr\u00e4nke und leckeres Essen bei bester Musik der 80er, 90er und 2000er mit DJ IGL und DJ K\u00e4figAffe.<\/p>\n\n\n\n<p><strong>SAMSTAG | 05. August 2023<\/strong><br>14.00 bis 18.00 Uhr:<br>Kinderspielfest mit H\u00fcpfburg, Wasserrutschbahn, Torwandschie\u00dfen, vielen weiteren Spielstationen, Popcorn und Slusheis. Besuch der BVB-Emma.<\/p>\n\n\n\n<p>ab 18.30 Uhr:<br>Die Zehnthof- und die K\u00f6rnebach-Apotheke pr\u00e4sentieren die Coverband \u201eStarlight Family\u201c. Tanzt zur besten Musik aus Rock, Pop, Kultsongs, Chart- &amp; Partyhits.<\/p>\n\n\n\n<figure class=\"wp-block-image size-large\"><img loading=\"lazy\" decoding=\"async\" width=\"724\" height=\"1024\" src=\"https:\/\/sv-koerne83.de\/wordpress\/wp-content\/uploads\/2023\/06\/Koerner-Treff-2023-Plakat_A3-724x1024.jpg\" alt=\"\" class=\"wp-image-2859\" srcset=\"https:\/\/sv-koerne83.de\/wordpress\/wp-content\/uploads\/2023\/06\/Koerner-Treff-2023-Plakat_A3-724x1024.jpg 724w, https:\/\/sv-koerne83.de\/wordpress\/wp-content\/uploads\/2023\/06\/Koerner-Treff-2023-Plakat_A3-212x300.jpg 212w, https:\/\/sv-koerne83.de\/wordpress\/wp-content\/uploads\/2023\/06\/Koerner-Treff-2023-Plakat_A3-768x1086.jpg 768w, https:\/\/sv-koerne83.de\/wordpress\/wp-content\/uploads\/2023\/06\/Koerner-Treff-2023-Plakat_A3-1086x1536.jpg 1086w, https:\/\/sv-koerne83.de\/wordpress\/wp-content\/uploads\/2023\/06\/Koerner-Treff-2023-Plakat_A3-1448x2048.jpg 1448w, https:\/\/sv-koerne83.de\/wordpress\/wp-content\/uploads\/2023\/06\/Koerner-Treff-2023-Plakat_A3-91x128.jpg 91w, https:\/\/sv-koerne83.de\/wordpress\/wp-content\/uploads\/2023\/06\/Koerner-Treff-2023-Plakat_A3-23x32.jpg 23w, https:\/\/sv-koerne83.de\/wordpress\/wp-content\/uploads\/2023\/06\/Koerner-Treff-2023-Plakat_A3-scaled.jpg 1810w\" sizes=\"auto, (max-width: 724px) 100vw, 724px\" \/><\/figure>\n\n\n\n<p>Der Eintritt ist an beiden Veranstaltungstagen frei. F\u00fcr das leibliche Wohl ist selbstverst\u00e4ndlich gesorgt. Als Sicherheitsdienst wird die Firma Galicia Security vor Ort sein.\u00a0<\/p>\n","protected":false},"excerpt":{"rendered":"<p>In diesem Jahr findet der 40. K\u00f6rner Treff am 04. und 05. August auf unserer Sportanlage statt. Wie in jedem Jahr, k\u00f6nnen wir mit einem tollen Programm punkten. FREITAG | [&hellip;]<\/p>\n","protected":false},"author":2,"featured_media":2860,"comment_status":"closed","ping_status":"open","sticky":false,"template":"","format":"standard","meta":{"_jetpack_memberships_contains_paid_content":false,"footnotes":""},"categories":[1],"tags":[],"class_list":["post-2858","post","type-post","status-publish","format-standard","has-post-thumbnail","hentry","category-allgemein"],"jetpack_sharing_enabled":true,"jetpack_featured_media_url":"https:\/\/sv-koerne83.de\/wordpress\/wp-content\/uploads\/2023\/06\/Koerner_Treff_Veranstaltung_Facebook-scaled.jpg","_links":{"self":[{"href":"https:\/\/sv-koerne83.de\/wordpress\/wp-json\/wp\/v2\/posts\/2858","targetHints":{"allow":["GET"]}}],"collection":[{"href":"https:\/\/sv-koerne83.de\/wordpress\/wp-json\/wp\/v2\/posts"}],"about":[{"href":"https:\/\/sv-koerne83.de\/wordpress\/wp-json\/wp\/v2\/types\/post"}],"author":[{"embeddable":true,"href":"https:\/\/sv-koerne83.de\/wordpress\/wp-json\/wp\/v2\/users\/2"}],"replies":[{"embeddable":true,"href":"https:\/\/sv-koerne83.de\/wordpress\/wp-json\/wp\/v2\/comments?post=2858"}],"version-history":[{"count":1,"href":"https:\/\/sv-koerne83.de\/wordpress\/wp-json\/wp\/v2\/posts\/2858\/revisions"}],"predecessor-version":[{"id":2861,"href":"https:\/\/sv-koerne83.de\/wordpress\/wp-json\/wp\/v2\/posts\/2858\/revisions\/2861"}],"wp:featuredmedia":[{"embeddable":true,"href":"https:\/\/sv-koerne83.de\/wordpress\/wp-json\/wp\/v2\/media\/2860"}],"wp:attachment":[{"href":"https:\/\/sv-koerne83.de\/wordpress\/wp-json\/wp\/v2\/media?parent=2858"}],"wp:term":[{"taxonomy":"category","embeddable":true,"href":"https:\/\/sv-koerne83.de\/wordpress\/wp-json\/wp\/v2\/categories?post=2858"},{"taxonomy":"post_tag","embeddable":true,"href":"https:\/\/sv-koerne83.de\/wordpress\/wp-json\/wp\/v2\/tags?post=2858"}],"curies":[{"name":"wp","href":"https:\/\/api.w.org\/{rel}","templated":true}]}}