{"id":2894,"date":"2023-06-30T10:01:38","date_gmt":"2023-06-30T08:01:38","guid":{"rendered":"https:\/\/sv-koerne83.de\/wordpress\/?p=2894"},"modified":"2023-06-30T10:01:38","modified_gmt":"2023-06-30T08:01:38","slug":"1-mannschaft-beim-kronen-green-it-cup","status":"publish","type":"post","link":"https:\/\/sv-koerne83.de\/wordpress\/2023\/06\/30\/1-mannschaft-beim-kronen-green-it-cup\/","title":{"rendered":"1. Mannschaft beim Kronen Green IT Cup"},"content":{"rendered":"\n<p>Unsere 1. Mannschaft nimmt zum ersten Mal am Kronen Green IT Cup beim SV Brackel 06 teil. Bei diesem hochkar\u00e4tig besetzen Turnier trifft das Team von Trainer Viktor Pusch in der Gruppenphase auf den Bezirksligisten VfR S\u00f6lde und auf den Landesligisten und Gastgeber SV Brackel 06. Das erste Spiel gegen die S\u00f6lder findet am Donnerstag, den 06.07 um 18.00 Uhr auf der Sportanlage am Hallenbad statt. Das zweite Spiel gegen die Brackeler wird am Samstag, 08.07 um 18.15 Uhr angepfiffen.<\/p>\n\n\n\n<p>In den anderen Gruppen sind noch folgende Vereine vertreten: BV Westfalia Wickede, SV Berghofen, SC Husen Kurl, Hombrucher SV, SG Gahmen, SG Alemannia Scharnhorst, TuS Hannibal, Sportfreunde S\u00f6lderholz und Blau Gelb Schwerin<\/p>\n\n\n\n<p>Die Mannschaft freut sich \u00fcber zahlreiche Unterst\u00fctzung.<\/p>\n","protected":false},"excerpt":{"rendered":"<p>Unsere 1. Mannschaft nimmt zum ersten Mal am Kronen Green IT Cup beim SV Brackel 06 teil. Bei diesem hochkar\u00e4tig besetzen Turnier trifft das Team von Trainer Viktor Pusch in [&hellip;]<\/p>\n","protected":false},"author":2,"featured_media":2896,"comment_status":"closed","ping_status":"open","sticky":false,"template":"","format":"standard","meta":{"_jetpack_memberships_contains_paid_content":false,"footnotes":""},"categories":[30,1],"tags":[],"class_list":["post-2894","post","type-post","status-publish","format-standard","has-post-thumbnail","hentry","category-1-mannschaft","category-allgemein"],"jetpack_sharing_enabled":true,"jetpack_featured_media_url":"https:\/\/sv-koerne83.de\/wordpress\/wp-content\/uploads\/2023\/06\/SVK_Spieltagsankuendigung_2022_2023_kronengreenit2.png","_links":{"self":[{"href":"https:\/\/sv-koerne83.de\/wordpress\/wp-json\/wp\/v2\/posts\/2894","targetHints":{"allow":["GET"]}}],"collection":[{"href":"https:\/\/sv-koerne83.de\/wordpress\/wp-json\/wp\/v2\/posts"}],"about":[{"href":"https:\/\/sv-koerne83.de\/wordpress\/wp-json\/wp\/v2\/types\/post"}],"author":[{"embeddable":true,"href":"https:\/\/sv-koerne83.de\/wordpress\/wp-json\/wp\/v2\/users\/2"}],"replies":[{"embeddable":true,"href":"https:\/\/sv-koerne83.de\/wordpress\/wp-json\/wp\/v2\/comments?post=2894"}],"version-history":[{"count":1,"href":"https:\/\/sv-koerne83.de\/wordpress\/wp-json\/wp\/v2\/posts\/2894\/revisions"}],"predecessor-version":[{"id":2895,"href":"https:\/\/sv-koerne83.de\/wordpress\/wp-json\/wp\/v2\/posts\/2894\/revisions\/2895"}],"wp:featuredmedia":[{"embeddable":true,"href":"https:\/\/sv-koerne83.de\/wordpress\/wp-json\/wp\/v2\/media\/2896"}],"wp:attachment":[{"href":"https:\/\/sv-koerne83.de\/wordpress\/wp-json\/wp\/v2\/media?parent=2894"}],"wp:term":[{"taxonomy":"category","embeddable":true,"href":"https:\/\/sv-koerne83.de\/wordpress\/wp-json\/wp\/v2\/categories?post=2894"},{"taxonomy":"post_tag","embeddable":true,"href":"https:\/\/sv-koerne83.de\/wordpress\/wp-json\/wp\/v2\/tags?post=2894"}],"curies":[{"name":"wp","href":"https:\/\/api.w.org\/{rel}","templated":true}]}}