{"id":2966,"date":"2023-08-09T11:00:45","date_gmt":"2023-08-09T09:00:45","guid":{"rendered":"https:\/\/sv-koerne83.de\/wordpress\/?p=2966"},"modified":"2023-08-09T11:00:46","modified_gmt":"2023-08-09T09:00:46","slug":"start-der-fussballsaison-fuer-unsere-3-mannschaft-und-frauenmannschaft-in-der-ferne","status":"publish","type":"post","link":"https:\/\/sv-koerne83.de\/wordpress\/2023\/08\/09\/start-der-fussballsaison-fuer-unsere-3-mannschaft-und-frauenmannschaft-in-der-ferne\/","title":{"rendered":"Start der Fu\u00dfballsaison f\u00fcr unsere 3. Mannschaft und Frauenmannschaft in der Ferne!"},"content":{"rendered":"\n<p>Die Zeit ist gekommen, in der das Warten endlich ein Ende hat \u2013 die Fu\u00dfballsaison steht in den Startl\u00f6chern! Am kommenden Sonntag geben unsere 3. Mannschaft sowie unsere Frauenmannschaft ihr Bestes, um positiv in die Saison zu starten.<\/p>\n\n\n\n<p>Die 3. Mannschaft spielt um 13.00 Uhr gegen SG Alemannia Scharnhorst 3 auf dem Sportplatz Holzgraben. Ebenfalls am Sonntag, jedoch um 17.00 Uhr, betreten unsere Frauen das Spielfeld, um gegen den Wambeler SV anzutreten. Gespielt wird allerdings nicht in Wambel, sondern auf der Sportanlage des FC Merkur (Lortzingplatz). <\/p>\n\n\n\n<p>Wir dr\u00fccken unserer 3. Mannschaft und unseren Frauen fest die Daumen und w\u00fcnschen ihnen viel Erfolg f\u00fcr ihre Auftaktspiele!<\/p>\n","protected":false},"excerpt":{"rendered":"<p>Die Zeit ist gekommen, in der das Warten endlich ein Ende hat \u2013 die Fu\u00dfballsaison steht in den Startl\u00f6chern! Am kommenden Sonntag geben unsere 3. Mannschaft sowie unsere Frauenmannschaft ihr [&hellip;]<\/p>\n","protected":false},"author":2,"featured_media":2967,"comment_status":"closed","ping_status":"open","sticky":false,"template":"","format":"standard","meta":{"_jetpack_memberships_contains_paid_content":false,"footnotes":""},"categories":[32,1,45],"tags":[],"class_list":["post-2966","post","type-post","status-publish","format-standard","has-post-thumbnail","hentry","category-3-mannschaft","category-allgemein","category-frauen"],"jetpack_sharing_enabled":true,"jetpack_featured_media_url":"https:\/\/sv-koerne83.de\/wordpress\/wp-content\/uploads\/2023\/08\/SVK_Spieltagsankuendigung_2022_2023_ms_aus2.png","_links":{"self":[{"href":"https:\/\/sv-koerne83.de\/wordpress\/wp-json\/wp\/v2\/posts\/2966","targetHints":{"allow":["GET"]}}],"collection":[{"href":"https:\/\/sv-koerne83.de\/wordpress\/wp-json\/wp\/v2\/posts"}],"about":[{"href":"https:\/\/sv-koerne83.de\/wordpress\/wp-json\/wp\/v2\/types\/post"}],"author":[{"embeddable":true,"href":"https:\/\/sv-koerne83.de\/wordpress\/wp-json\/wp\/v2\/users\/2"}],"replies":[{"embeddable":true,"href":"https:\/\/sv-koerne83.de\/wordpress\/wp-json\/wp\/v2\/comments?post=2966"}],"version-history":[{"count":2,"href":"https:\/\/sv-koerne83.de\/wordpress\/wp-json\/wp\/v2\/posts\/2966\/revisions"}],"predecessor-version":[{"id":2974,"href":"https:\/\/sv-koerne83.de\/wordpress\/wp-json\/wp\/v2\/posts\/2966\/revisions\/2974"}],"wp:featuredmedia":[{"embeddable":true,"href":"https:\/\/sv-koerne83.de\/wordpress\/wp-json\/wp\/v2\/media\/2967"}],"wp:attachment":[{"href":"https:\/\/sv-koerne83.de\/wordpress\/wp-json\/wp\/v2\/media?parent=2966"}],"wp:term":[{"taxonomy":"category","embeddable":true,"href":"https:\/\/sv-koerne83.de\/wordpress\/wp-json\/wp\/v2\/categories?post=2966"},{"taxonomy":"post_tag","embeddable":true,"href":"https:\/\/sv-koerne83.de\/wordpress\/wp-json\/wp\/v2\/tags?post=2966"}],"curies":[{"name":"wp","href":"https:\/\/api.w.org\/{rel}","templated":true}]}}