{"id":2969,"date":"2023-08-10T10:39:42","date_gmt":"2023-08-10T08:39:42","guid":{"rendered":"https:\/\/sv-koerne83.de\/wordpress\/?p=2969"},"modified":"2023-08-10T10:39:43","modified_gmt":"2023-08-10T08:39:43","slug":"doppelter-saisonauftakt-im-heimischen-affenkaefig","status":"publish","type":"post","link":"https:\/\/sv-koerne83.de\/wordpress\/2023\/08\/10\/doppelter-saisonauftakt-im-heimischen-affenkaefig\/","title":{"rendered":"Doppelter Saisonauftakt im heimischen Affenk\u00e4fig"},"content":{"rendered":"\n<p>Auch mit unseren Heimspielen geht es wieder los \u2013 der Beginn der neuen Fu\u00dfballsaison steht unmittelbar bevor! Am kommenden Sonntag m\u00f6chten wir euch herzlich dazu einladen, Teil unseres Doppel-Saisonauftakts im heimischen Affenk\u00e4fig zu sein. <\/p>\n\n\n\n<p>Die 2. Mannschaft startet den Tag um 13.00 Uhr mit einem spannenden Match gegen den Wambeler SV. Im Anschluss betritt unsere 1. Mannschaft um 15.15 Uhr das Spielfeld, um sich gegen Ay Yildiz Derne zu beweisen. Wir freuen uns darauf, euch willkommen zu hei\u00dfen.<\/p>\n","protected":false},"excerpt":{"rendered":"<p>Auch mit unseren Heimspielen geht es wieder los \u2013 der Beginn der neuen Fu\u00dfballsaison steht unmittelbar bevor! Am kommenden Sonntag m\u00f6chten wir euch herzlich dazu einladen, Teil unseres Doppel-Saisonauftakts im [&hellip;]<\/p>\n","protected":false},"author":2,"featured_media":2970,"comment_status":"closed","ping_status":"open","sticky":false,"template":"","format":"standard","meta":{"_jetpack_memberships_contains_paid_content":false,"footnotes":""},"categories":[30,31,1],"tags":[],"class_list":["post-2969","post","type-post","status-publish","format-standard","has-post-thumbnail","hentry","category-1-mannschaft","category-2-mannschaft","category-allgemein"],"jetpack_sharing_enabled":true,"jetpack_featured_media_url":"https:\/\/sv-koerne83.de\/wordpress\/wp-content\/uploads\/2023\/08\/SVK_Spieltagsankuendigung_2022_2023_ms2.png","_links":{"self":[{"href":"https:\/\/sv-koerne83.de\/wordpress\/wp-json\/wp\/v2\/posts\/2969","targetHints":{"allow":["GET"]}}],"collection":[{"href":"https:\/\/sv-koerne83.de\/wordpress\/wp-json\/wp\/v2\/posts"}],"about":[{"href":"https:\/\/sv-koerne83.de\/wordpress\/wp-json\/wp\/v2\/types\/post"}],"author":[{"embeddable":true,"href":"https:\/\/sv-koerne83.de\/wordpress\/wp-json\/wp\/v2\/users\/2"}],"replies":[{"embeddable":true,"href":"https:\/\/sv-koerne83.de\/wordpress\/wp-json\/wp\/v2\/comments?post=2969"}],"version-history":[{"count":2,"href":"https:\/\/sv-koerne83.de\/wordpress\/wp-json\/wp\/v2\/posts\/2969\/revisions"}],"predecessor-version":[{"id":2975,"href":"https:\/\/sv-koerne83.de\/wordpress\/wp-json\/wp\/v2\/posts\/2969\/revisions\/2975"}],"wp:featuredmedia":[{"embeddable":true,"href":"https:\/\/sv-koerne83.de\/wordpress\/wp-json\/wp\/v2\/media\/2970"}],"wp:attachment":[{"href":"https:\/\/sv-koerne83.de\/wordpress\/wp-json\/wp\/v2\/media?parent=2969"}],"wp:term":[{"taxonomy":"category","embeddable":true,"href":"https:\/\/sv-koerne83.de\/wordpress\/wp-json\/wp\/v2\/categories?post=2969"},{"taxonomy":"post_tag","embeddable":true,"href":"https:\/\/sv-koerne83.de\/wordpress\/wp-json\/wp\/v2\/tags?post=2969"}],"curies":[{"name":"wp","href":"https:\/\/api.w.org\/{rel}","templated":true}]}}