{"id":2980,"date":"2023-08-15T10:56:06","date_gmt":"2023-08-15T08:56:06","guid":{"rendered":"https:\/\/sv-koerne83.de\/wordpress\/?p=2980"},"modified":"2023-08-15T10:56:06","modified_gmt":"2023-08-15T08:56:06","slug":"saisonstart-bei-unseren-junioren","status":"publish","type":"post","link":"https:\/\/sv-koerne83.de\/wordpress\/2023\/08\/15\/saisonstart-bei-unseren-junioren\/","title":{"rendered":"Saisonstart bei unseren Junioren"},"content":{"rendered":"\n<p>An diesem Wochenende startet die Fu\u00dfballsaison bei unseren Junioren. Wir konnten in dieser Saison 14 Jugendteams f\u00fcr den Spielbetrieb melden und stellen in jeder Altersklasse mindestens eine Mannschaft.<\/p>\n\n\n\n<p>Unsere J\u00fcngsten, die Minikicker, spielen in diesem Jahr wieder die Spielform &#8222;Funino&#8220;. Mit unserer F-Jugend gehen wir mit 2 Mannschaften an den Start. Bei der E-Jugend stellen wir das erste Mal in der Vereinsgeschichte 4 Mannschaften. Unsere D-Jugend ist wie in der letzten Saison mit 3 Teams im Meisterschaftskampf vertreten. Neuigkeiten gibt es auch bei unserer C-Jugend. Hier konnten wir ebenfalls 2 Mannschaften melden. Bei der B-Jugend und A-Jugend meldeten wir, wie in der vergangenen Saison, jeweils eine Mannschaft zum Spielbetrieb. Unsere A-Jugend spielt als erstes Team der Vereinsgeschichte in der Sonderklasse.<\/p>\n\n\n\n<p>Des Weiteren bieten wir auch jeden Montag um 17.00 Uhr unser M\u00e4dchentraining an. Mittlerweile hat sich die Anzahl der M\u00e4dels auf 14 erh\u00f6ht und wir planen in dieser Saison die ersten Freundschaftsspiele. Wer Lust hat Fu\u00dfball zu spielen, kann gerne zum Training kommen. <\/p>\n","protected":false},"excerpt":{"rendered":"<p>An diesem Wochenende startet die Fu\u00dfballsaison bei unseren Junioren. Wir konnten in dieser Saison 14 Jugendteams f\u00fcr den Spielbetrieb melden und stellen in jeder Altersklasse mindestens eine Mannschaft. Unsere J\u00fcngsten, [&hellip;]<\/p>\n","protected":false},"author":2,"featured_media":2981,"comment_status":"closed","ping_status":"open","sticky":false,"template":"","format":"standard","meta":{"_jetpack_memberships_contains_paid_content":false,"footnotes":""},"categories":[1,35],"tags":[],"class_list":["post-2980","post","type-post","status-publish","format-standard","has-post-thumbnail","hentry","category-allgemein","category-jugend"],"jetpack_sharing_enabled":true,"jetpack_featured_media_url":"https:\/\/sv-koerne83.de\/wordpress\/wp-content\/uploads\/2023\/08\/SVK_Spieltagsankuendigung_2022_20232.png","_links":{"self":[{"href":"https:\/\/sv-koerne83.de\/wordpress\/wp-json\/wp\/v2\/posts\/2980","targetHints":{"allow":["GET"]}}],"collection":[{"href":"https:\/\/sv-koerne83.de\/wordpress\/wp-json\/wp\/v2\/posts"}],"about":[{"href":"https:\/\/sv-koerne83.de\/wordpress\/wp-json\/wp\/v2\/types\/post"}],"author":[{"embeddable":true,"href":"https:\/\/sv-koerne83.de\/wordpress\/wp-json\/wp\/v2\/users\/2"}],"replies":[{"embeddable":true,"href":"https:\/\/sv-koerne83.de\/wordpress\/wp-json\/wp\/v2\/comments?post=2980"}],"version-history":[{"count":1,"href":"https:\/\/sv-koerne83.de\/wordpress\/wp-json\/wp\/v2\/posts\/2980\/revisions"}],"predecessor-version":[{"id":2982,"href":"https:\/\/sv-koerne83.de\/wordpress\/wp-json\/wp\/v2\/posts\/2980\/revisions\/2982"}],"wp:featuredmedia":[{"embeddable":true,"href":"https:\/\/sv-koerne83.de\/wordpress\/wp-json\/wp\/v2\/media\/2981"}],"wp:attachment":[{"href":"https:\/\/sv-koerne83.de\/wordpress\/wp-json\/wp\/v2\/media?parent=2980"}],"wp:term":[{"taxonomy":"category","embeddable":true,"href":"https:\/\/sv-koerne83.de\/wordpress\/wp-json\/wp\/v2\/categories?post=2980"},{"taxonomy":"post_tag","embeddable":true,"href":"https:\/\/sv-koerne83.de\/wordpress\/wp-json\/wp\/v2\/tags?post=2980"}],"curies":[{"name":"wp","href":"https:\/\/api.w.org\/{rel}","templated":true}]}}