{"id":2983,"date":"2023-08-16T13:36:06","date_gmt":"2023-08-16T11:36:06","guid":{"rendered":"https:\/\/sv-koerne83.de\/wordpress\/?p=2983"},"modified":"2023-08-16T13:39:14","modified_gmt":"2023-08-16T11:39:14","slug":"bvb-zu-gast-im-affenkaefig","status":"publish","type":"post","link":"https:\/\/sv-koerne83.de\/wordpress\/2023\/08\/16\/bvb-zu-gast-im-affenkaefig\/","title":{"rendered":"BVB zu Gast im Affenk\u00e4fig"},"content":{"rendered":"\n<p>Am Samstag freuen wir uns auf einen besonderen Gast. Die Altherrenmannschaft vom BVB ist zu Gast am Winkelriedweg und bestreitet ein Freundschaftsspiel gegen den VfR W\u00fcrselen. Ansto\u00df ist um 16.00 Uhr. Wir freuen uns \u00fcber reichlich Besuch auf der Sportanlage. Im Anschluss zeigen wir das Bundesligaspiel der BVB-Profis gegen den 1. FC K\u00f6ln live im Vereinsheim.<\/p>\n","protected":false},"excerpt":{"rendered":"<p>Am Samstag freuen wir uns auf einen besonderen Gast. Die Altherrenmannschaft vom BVB ist zu Gast am Winkelriedweg und bestreitet ein Freundschaftsspiel gegen den VfR W\u00fcrselen. Ansto\u00df ist um 16.00 [&hellip;]<\/p>\n","protected":false},"author":2,"featured_media":2984,"comment_status":"closed","ping_status":"open","sticky":false,"template":"","format":"standard","meta":{"_jetpack_memberships_contains_paid_content":false,"footnotes":""},"categories":[1,34],"tags":[],"class_list":["post-2983","post","type-post","status-publish","format-standard","has-post-thumbnail","hentry","category-allgemein","category-alte-herren"],"jetpack_sharing_enabled":true,"jetpack_featured_media_url":"https:\/\/sv-koerne83.de\/wordpress\/wp-content\/uploads\/2023\/08\/SVK_Spieltagsankuendigung_2022_2023_bvb2.png","_links":{"self":[{"href":"https:\/\/sv-koerne83.de\/wordpress\/wp-json\/wp\/v2\/posts\/2983","targetHints":{"allow":["GET"]}}],"collection":[{"href":"https:\/\/sv-koerne83.de\/wordpress\/wp-json\/wp\/v2\/posts"}],"about":[{"href":"https:\/\/sv-koerne83.de\/wordpress\/wp-json\/wp\/v2\/types\/post"}],"author":[{"embeddable":true,"href":"https:\/\/sv-koerne83.de\/wordpress\/wp-json\/wp\/v2\/users\/2"}],"replies":[{"embeddable":true,"href":"https:\/\/sv-koerne83.de\/wordpress\/wp-json\/wp\/v2\/comments?post=2983"}],"version-history":[{"count":2,"href":"https:\/\/sv-koerne83.de\/wordpress\/wp-json\/wp\/v2\/posts\/2983\/revisions"}],"predecessor-version":[{"id":2987,"href":"https:\/\/sv-koerne83.de\/wordpress\/wp-json\/wp\/v2\/posts\/2983\/revisions\/2987"}],"wp:featuredmedia":[{"embeddable":true,"href":"https:\/\/sv-koerne83.de\/wordpress\/wp-json\/wp\/v2\/media\/2984"}],"wp:attachment":[{"href":"https:\/\/sv-koerne83.de\/wordpress\/wp-json\/wp\/v2\/media?parent=2983"}],"wp:term":[{"taxonomy":"category","embeddable":true,"href":"https:\/\/sv-koerne83.de\/wordpress\/wp-json\/wp\/v2\/categories?post=2983"},{"taxonomy":"post_tag","embeddable":true,"href":"https:\/\/sv-koerne83.de\/wordpress\/wp-json\/wp\/v2\/tags?post=2983"}],"curies":[{"name":"wp","href":"https:\/\/api.w.org\/{rel}","templated":true}]}}