{"id":2989,"date":"2023-09-01T08:06:59","date_gmt":"2023-09-01T06:06:59","guid":{"rendered":"https:\/\/sv-koerne83.de\/wordpress\/?p=2989"},"modified":"2023-09-01T08:06:59","modified_gmt":"2023-09-01T06:06:59","slug":"der-erste-sieg-soll-her","status":"publish","type":"post","link":"https:\/\/sv-koerne83.de\/wordpress\/2023\/09\/01\/der-erste-sieg-soll-her\/","title":{"rendered":"Der erste Sieg soll her"},"content":{"rendered":"\n<p>Der Saisonstart unserer 1. Mannschaft lief alles andere als gut. Nach drei Spieltagen steht die Mannschaft von Trainer Viktor Pusch auf einem Abstiegsplatz. Am Sonntag trifft das Team auf den Aufsteiger BV L\u00fcnen, der aktuell mit einem Punkt einen Tabellenplatz \u00fcber unserer 1. Mannschaft steht.<\/p>\n\n\n\n<p>Der erste Saisonsieg soll her und so freuen wir uns \u00fcber zahlreiche Unterst\u00fctzung auf dem Sportplatz. Ansto\u00df im heimischen Affenk\u00e4fig ist um 15.15 Uhr.<\/p>\n\n\n\n<p>Um 13.00 Uhr trifft unsere 2. Mannschaft im Derby auf die \u00d6SG Viktoria. Gespielt wird ebenfalls im Affenk\u00e4fig. Unsere 3. Mannschaft und unser Frauen-Team spielen beide um 13.00 Uhr ausw\u00e4rts. Die 3. Mannschaft reist zum TuS Neuasseln IV und die Frauen treffen auf den TV Brechten II. <\/p>\n","protected":false},"excerpt":{"rendered":"<p>Der Saisonstart unserer 1. Mannschaft lief alles andere als gut. Nach drei Spieltagen steht die Mannschaft von Trainer Viktor Pusch auf einem Abstiegsplatz. Am Sonntag trifft das Team auf den [&hellip;]<\/p>\n","protected":false},"author":2,"featured_media":2996,"comment_status":"closed","ping_status":"open","sticky":false,"template":"","format":"standard","meta":{"_jetpack_memberships_contains_paid_content":false,"footnotes":""},"categories":[30,31,1,45],"tags":[],"class_list":["post-2989","post","type-post","status-publish","format-standard","has-post-thumbnail","hentry","category-1-mannschaft","category-2-mannschaft","category-allgemein","category-frauen"],"jetpack_sharing_enabled":true,"jetpack_featured_media_url":"https:\/\/sv-koerne83.de\/wordpress\/wp-content\/uploads\/2023\/08\/SVK_Spieltagsankuendigung_2022_2023_erste2.png","_links":{"self":[{"href":"https:\/\/sv-koerne83.de\/wordpress\/wp-json\/wp\/v2\/posts\/2989","targetHints":{"allow":["GET"]}}],"collection":[{"href":"https:\/\/sv-koerne83.de\/wordpress\/wp-json\/wp\/v2\/posts"}],"about":[{"href":"https:\/\/sv-koerne83.de\/wordpress\/wp-json\/wp\/v2\/types\/post"}],"author":[{"embeddable":true,"href":"https:\/\/sv-koerne83.de\/wordpress\/wp-json\/wp\/v2\/users\/2"}],"replies":[{"embeddable":true,"href":"https:\/\/sv-koerne83.de\/wordpress\/wp-json\/wp\/v2\/comments?post=2989"}],"version-history":[{"count":2,"href":"https:\/\/sv-koerne83.de\/wordpress\/wp-json\/wp\/v2\/posts\/2989\/revisions"}],"predecessor-version":[{"id":2991,"href":"https:\/\/sv-koerne83.de\/wordpress\/wp-json\/wp\/v2\/posts\/2989\/revisions\/2991"}],"wp:featuredmedia":[{"embeddable":true,"href":"https:\/\/sv-koerne83.de\/wordpress\/wp-json\/wp\/v2\/media\/2996"}],"wp:attachment":[{"href":"https:\/\/sv-koerne83.de\/wordpress\/wp-json\/wp\/v2\/media?parent=2989"}],"wp:term":[{"taxonomy":"category","embeddable":true,"href":"https:\/\/sv-koerne83.de\/wordpress\/wp-json\/wp\/v2\/categories?post=2989"},{"taxonomy":"post_tag","embeddable":true,"href":"https:\/\/sv-koerne83.de\/wordpress\/wp-json\/wp\/v2\/tags?post=2989"}],"curies":[{"name":"wp","href":"https:\/\/api.w.org\/{rel}","templated":true}]}}