{"id":2994,"date":"2023-08-29T14:07:42","date_gmt":"2023-08-29T12:07:42","guid":{"rendered":"https:\/\/sv-koerne83.de\/wordpress\/?p=2994"},"modified":"2023-08-29T14:07:43","modified_gmt":"2023-08-29T12:07:43","slug":"nrw-gehoerlosen-regionalmeisterschaft-im-affenkaefig","status":"publish","type":"post","link":"https:\/\/sv-koerne83.de\/wordpress\/2023\/08\/29\/nrw-gehoerlosen-regionalmeisterschaft-im-affenkaefig\/","title":{"rendered":"NRW Geh\u00f6rlosen-Regionalmeisterschaft im Affenk\u00e4fig"},"content":{"rendered":"\n<p>Am Samstag findet bei uns auf der Sportanlage der 1. Spieltag der NRW Regionalmeisterschaft im Geh\u00f6rlosen-Fu\u00dfball statt. Der GTSV Dortmund trifft hier auf den Top-Favoriten GSV D\u00fcsseldorf. Der Eintritt kostet f\u00fcr Erwachsene 3 Euro. Das Spiel wird um 18.30 Uhr angepfiffen. F\u00fcr das leibliche Wohl ist selbstverst\u00e4ndlich gesorgt. Wir freuen uns auf zahlreiche Besucher.<\/p>\n\n\n\n<figure class=\"wp-block-image size-large\"><img loading=\"lazy\" decoding=\"async\" width=\"1024\" height=\"1024\" src=\"https:\/\/sv-koerne83.de\/wordpress\/wp-content\/uploads\/2023\/08\/WhatsApp-Image-2023-08-29-at-13.28.23-1024x1024.jpeg\" alt=\"\" class=\"wp-image-2993\" srcset=\"https:\/\/sv-koerne83.de\/wordpress\/wp-content\/uploads\/2023\/08\/WhatsApp-Image-2023-08-29-at-13.28.23-1024x1024.jpeg 1024w, https:\/\/sv-koerne83.de\/wordpress\/wp-content\/uploads\/2023\/08\/WhatsApp-Image-2023-08-29-at-13.28.23-300x300.jpeg 300w, https:\/\/sv-koerne83.de\/wordpress\/wp-content\/uploads\/2023\/08\/WhatsApp-Image-2023-08-29-at-13.28.23-150x150.jpeg 150w, https:\/\/sv-koerne83.de\/wordpress\/wp-content\/uploads\/2023\/08\/WhatsApp-Image-2023-08-29-at-13.28.23-768x768.jpeg 768w, https:\/\/sv-koerne83.de\/wordpress\/wp-content\/uploads\/2023\/08\/WhatsApp-Image-2023-08-29-at-13.28.23-500x500.jpeg 500w, https:\/\/sv-koerne83.de\/wordpress\/wp-content\/uploads\/2023\/08\/WhatsApp-Image-2023-08-29-at-13.28.23-400x400.jpeg 400w, https:\/\/sv-koerne83.de\/wordpress\/wp-content\/uploads\/2023\/08\/WhatsApp-Image-2023-08-29-at-13.28.23-128x128.jpeg 128w, https:\/\/sv-koerne83.de\/wordpress\/wp-content\/uploads\/2023\/08\/WhatsApp-Image-2023-08-29-at-13.28.23-32x32.jpeg 32w, https:\/\/sv-koerne83.de\/wordpress\/wp-content\/uploads\/2023\/08\/WhatsApp-Image-2023-08-29-at-13.28.23.jpeg 1080w\" sizes=\"auto, (max-width: 1024px) 100vw, 1024px\" \/><\/figure>\n","protected":false},"excerpt":{"rendered":"<p>Am Samstag findet bei uns auf der Sportanlage der 1. Spieltag der NRW Regionalmeisterschaft im Geh\u00f6rlosen-Fu\u00dfball statt. Der GTSV Dortmund trifft hier auf den Top-Favoriten GSV D\u00fcsseldorf. Der Eintritt kostet [&hellip;]<\/p>\n","protected":false},"author":2,"featured_media":2992,"comment_status":"closed","ping_status":"open","sticky":false,"template":"","format":"standard","meta":{"_jetpack_memberships_contains_paid_content":false,"footnotes":""},"categories":[1],"tags":[],"class_list":["post-2994","post","type-post","status-publish","format-standard","has-post-thumbnail","hentry","category-allgemein"],"jetpack_sharing_enabled":true,"jetpack_featured_media_url":"https:\/\/sv-koerne83.de\/wordpress\/wp-content\/uploads\/2023\/08\/WhatsApp-Image-2023-08-29-at-13.28.23-1.jpeg","_links":{"self":[{"href":"https:\/\/sv-koerne83.de\/wordpress\/wp-json\/wp\/v2\/posts\/2994","targetHints":{"allow":["GET"]}}],"collection":[{"href":"https:\/\/sv-koerne83.de\/wordpress\/wp-json\/wp\/v2\/posts"}],"about":[{"href":"https:\/\/sv-koerne83.de\/wordpress\/wp-json\/wp\/v2\/types\/post"}],"author":[{"embeddable":true,"href":"https:\/\/sv-koerne83.de\/wordpress\/wp-json\/wp\/v2\/users\/2"}],"replies":[{"embeddable":true,"href":"https:\/\/sv-koerne83.de\/wordpress\/wp-json\/wp\/v2\/comments?post=2994"}],"version-history":[{"count":1,"href":"https:\/\/sv-koerne83.de\/wordpress\/wp-json\/wp\/v2\/posts\/2994\/revisions"}],"predecessor-version":[{"id":2995,"href":"https:\/\/sv-koerne83.de\/wordpress\/wp-json\/wp\/v2\/posts\/2994\/revisions\/2995"}],"wp:featuredmedia":[{"embeddable":true,"href":"https:\/\/sv-koerne83.de\/wordpress\/wp-json\/wp\/v2\/media\/2992"}],"wp:attachment":[{"href":"https:\/\/sv-koerne83.de\/wordpress\/wp-json\/wp\/v2\/media?parent=2994"}],"wp:term":[{"taxonomy":"category","embeddable":true,"href":"https:\/\/sv-koerne83.de\/wordpress\/wp-json\/wp\/v2\/categories?post=2994"},{"taxonomy":"post_tag","embeddable":true,"href":"https:\/\/sv-koerne83.de\/wordpress\/wp-json\/wp\/v2\/tags?post=2994"}],"curies":[{"name":"wp","href":"https:\/\/api.w.org\/{rel}","templated":true}]}}