{"id":3004,"date":"2023-09-12T10:54:33","date_gmt":"2023-09-12T08:54:33","guid":{"rendered":"https:\/\/sv-koerne83.de\/wordpress\/?p=3004"},"modified":"2023-09-12T10:54:33","modified_gmt":"2023-09-12T08:54:33","slug":"1-mannschaft-empfaengt-sus-derne","status":"publish","type":"post","link":"https:\/\/sv-koerne83.de\/wordpress\/2023\/09\/12\/1-mannschaft-empfaengt-sus-derne\/","title":{"rendered":"1. Mannschaft empf\u00e4ngt SuS Derne"},"content":{"rendered":"\n<p>In der 1. Runde vom diesj\u00e4hrigen Demir-Kreispokal trifft unsere 1. Mannschaft am Donnerstagabend auf SuS Derne. Die Derner spielen aktuell in der Kreisliga B und belegen dort den 6. Tabellenplatz. Ihr Toptorj\u00e4ger Christian Wantoch von Rekowski belegt in der Torj\u00e4gerliste mit aktuell 5 Treffern den 4. Platz. Unsere 1. Mannschaft ist als h\u00f6herklassiges Team der Favorit in diesem Spiel und m\u00f6chte den Sprung in die 2. Pokalrunde schaffen. <\/p>\n\n\n\n<p>Ansto\u00df am Winkelriedweg ist um 19.00 Uhr. Wir sehen uns im Affenk\u00e4fig!<\/p>\n","protected":false},"excerpt":{"rendered":"<p>In der 1. Runde vom diesj\u00e4hrigen Demir-Kreispokal trifft unsere 1. Mannschaft am Donnerstagabend auf SuS Derne. Die Derner spielen aktuell in der Kreisliga B und belegen dort den 6. Tabellenplatz. [&hellip;]<\/p>\n","protected":false},"author":2,"featured_media":3005,"comment_status":"closed","ping_status":"open","sticky":false,"template":"","format":"standard","meta":{"_jetpack_memberships_contains_paid_content":false,"footnotes":""},"categories":[30,1],"tags":[],"class_list":["post-3004","post","type-post","status-publish","format-standard","has-post-thumbnail","hentry","category-1-mannschaft","category-allgemein"],"jetpack_sharing_enabled":true,"jetpack_featured_media_url":"https:\/\/sv-koerne83.de\/wordpress\/wp-content\/uploads\/2023\/09\/SVK_Spieltagsankuendigung_2022_20232.png","_links":{"self":[{"href":"https:\/\/sv-koerne83.de\/wordpress\/wp-json\/wp\/v2\/posts\/3004","targetHints":{"allow":["GET"]}}],"collection":[{"href":"https:\/\/sv-koerne83.de\/wordpress\/wp-json\/wp\/v2\/posts"}],"about":[{"href":"https:\/\/sv-koerne83.de\/wordpress\/wp-json\/wp\/v2\/types\/post"}],"author":[{"embeddable":true,"href":"https:\/\/sv-koerne83.de\/wordpress\/wp-json\/wp\/v2\/users\/2"}],"replies":[{"embeddable":true,"href":"https:\/\/sv-koerne83.de\/wordpress\/wp-json\/wp\/v2\/comments?post=3004"}],"version-history":[{"count":2,"href":"https:\/\/sv-koerne83.de\/wordpress\/wp-json\/wp\/v2\/posts\/3004\/revisions"}],"predecessor-version":[{"id":3007,"href":"https:\/\/sv-koerne83.de\/wordpress\/wp-json\/wp\/v2\/posts\/3004\/revisions\/3007"}],"wp:featuredmedia":[{"embeddable":true,"href":"https:\/\/sv-koerne83.de\/wordpress\/wp-json\/wp\/v2\/media\/3005"}],"wp:attachment":[{"href":"https:\/\/sv-koerne83.de\/wordpress\/wp-json\/wp\/v2\/media?parent=3004"}],"wp:term":[{"taxonomy":"category","embeddable":true,"href":"https:\/\/sv-koerne83.de\/wordpress\/wp-json\/wp\/v2\/categories?post=3004"},{"taxonomy":"post_tag","embeddable":true,"href":"https:\/\/sv-koerne83.de\/wordpress\/wp-json\/wp\/v2\/tags?post=3004"}],"curies":[{"name":"wp","href":"https:\/\/api.w.org\/{rel}","templated":true}]}}