{"id":3015,"date":"2023-09-26T11:26:55","date_gmt":"2023-09-26T09:26:55","guid":{"rendered":"https:\/\/sv-koerne83.de\/wordpress\/?p=3015"},"modified":"2023-09-26T11:26:56","modified_gmt":"2023-09-26T09:26:56","slug":"entscheidung-faellt-am-letzten-spieltag","status":"publish","type":"post","link":"https:\/\/sv-koerne83.de\/wordpress\/2023\/09\/26\/entscheidung-faellt-am-letzten-spieltag\/","title":{"rendered":"Entscheidung f\u00e4llt am letzten Spieltag"},"content":{"rendered":"\n<p>In der Qualifikationsrunde 7 bei der E-Jugend kommt es am letzten Spieltag zum direkten Duell der beiden Spitzenreiter. Unsere E1-Jugend reist zum TuS Kruckel und spielt um den Gruppensieg. Beide Mannschaften holten die maximale Punktzahl und kassierten jeweils weniger als 10 Gegentore.<\/p>\n\n\n\n<p>Das Spiel findet am Donnerstag, den 28.09.2023 um 17.30 Uhr im Sportzentrum Kruckel (R\u00fcdinghauser Stra\u00dfe) statt. Die Mannschaft freut sich \u00fcber riesige Unterst\u00fctzung.<\/p>\n","protected":false},"excerpt":{"rendered":"<p>In der Qualifikationsrunde 7 bei der E-Jugend kommt es am letzten Spieltag zum direkten Duell der beiden Spitzenreiter. Unsere E1-Jugend reist zum TuS Kruckel und spielt um den Gruppensieg. Beide [&hellip;]<\/p>\n","protected":false},"author":2,"featured_media":3020,"comment_status":"closed","ping_status":"open","sticky":false,"template":"","format":"standard","meta":{"_jetpack_memberships_contains_paid_content":false,"footnotes":""},"categories":[1],"tags":[],"class_list":["post-3015","post","type-post","status-publish","format-standard","has-post-thumbnail","hentry","category-allgemein"],"jetpack_sharing_enabled":true,"jetpack_featured_media_url":"https:\/\/sv-koerne83.de\/wordpress\/wp-content\/uploads\/2023\/09\/SVK_Spieltagsankuendigung_2022_2023_ejugend2.png","_links":{"self":[{"href":"https:\/\/sv-koerne83.de\/wordpress\/wp-json\/wp\/v2\/posts\/3015","targetHints":{"allow":["GET"]}}],"collection":[{"href":"https:\/\/sv-koerne83.de\/wordpress\/wp-json\/wp\/v2\/posts"}],"about":[{"href":"https:\/\/sv-koerne83.de\/wordpress\/wp-json\/wp\/v2\/types\/post"}],"author":[{"embeddable":true,"href":"https:\/\/sv-koerne83.de\/wordpress\/wp-json\/wp\/v2\/users\/2"}],"replies":[{"embeddable":true,"href":"https:\/\/sv-koerne83.de\/wordpress\/wp-json\/wp\/v2\/comments?post=3015"}],"version-history":[{"count":2,"href":"https:\/\/sv-koerne83.de\/wordpress\/wp-json\/wp\/v2\/posts\/3015\/revisions"}],"predecessor-version":[{"id":3027,"href":"https:\/\/sv-koerne83.de\/wordpress\/wp-json\/wp\/v2\/posts\/3015\/revisions\/3027"}],"wp:featuredmedia":[{"embeddable":true,"href":"https:\/\/sv-koerne83.de\/wordpress\/wp-json\/wp\/v2\/media\/3020"}],"wp:attachment":[{"href":"https:\/\/sv-koerne83.de\/wordpress\/wp-json\/wp\/v2\/media?parent=3015"}],"wp:term":[{"taxonomy":"category","embeddable":true,"href":"https:\/\/sv-koerne83.de\/wordpress\/wp-json\/wp\/v2\/categories?post=3015"},{"taxonomy":"post_tag","embeddable":true,"href":"https:\/\/sv-koerne83.de\/wordpress\/wp-json\/wp\/v2\/tags?post=3015"}],"curies":[{"name":"wp","href":"https:\/\/api.w.org\/{rel}","templated":true}]}}