{"id":3017,"date":"2023-09-25T09:38:25","date_gmt":"2023-09-25T07:38:25","guid":{"rendered":"https:\/\/sv-koerne83.de\/wordpress\/?p=3017"},"modified":"2023-09-25T09:38:25","modified_gmt":"2023-09-25T07:38:25","slug":"c-jugend-winkt-die-tabellenspitze","status":"publish","type":"post","link":"https:\/\/sv-koerne83.de\/wordpress\/2023\/09\/25\/c-jugend-winkt-die-tabellenspitze\/","title":{"rendered":"C-Jugend winkt die Tabellenspitze"},"content":{"rendered":"\n<p>Am Mittwoch reist unsere C-Jugend zu T\u00fcrkspor Dortmund. Hier hat die Mannschaft von Trainer Thommi Meier die Chance auf den 1. Tabellenplatz zu klettern. Mit einem Sieg gegen den Drittplatzierten vom Mendesportplatz kann das Team zum Tabellenf\u00fchrer Dortmunder L\u00f6wen aufschlie\u00dfen. <\/p>\n\n\n\n<p>Die L\u00f6wen bestreiten am Samstag ihr letztes Spiel in der Qualifikationsrunde. Sollten sie dieses verlieren, stehen beide Mannschaft punktgleich an der Tabellenspitze.<\/p>\n\n\n\n<p>Die C-Jugend freut sich \u00fcber eine riesengro\u00dfe Unterst\u00fctzung am Mittwoch am Mendeplatz. Ansto\u00df ist um 18.30 Uhr.<\/p>\n","protected":false},"excerpt":{"rendered":"<p>Am Mittwoch reist unsere C-Jugend zu T\u00fcrkspor Dortmund. Hier hat die Mannschaft von Trainer Thommi Meier die Chance auf den 1. Tabellenplatz zu klettern. Mit einem Sieg gegen den Drittplatzierten [&hellip;]<\/p>\n","protected":false},"author":2,"featured_media":3018,"comment_status":"closed","ping_status":"open","sticky":false,"template":"","format":"standard","meta":{"_jetpack_memberships_contains_paid_content":false,"footnotes":""},"categories":[1],"tags":[],"class_list":["post-3017","post","type-post","status-publish","format-standard","has-post-thumbnail","hentry","category-allgemein"],"jetpack_sharing_enabled":true,"jetpack_featured_media_url":"https:\/\/sv-koerne83.de\/wordpress\/wp-content\/uploads\/2023\/09\/SVK_Spieltagsankuendigung_2022_2023_cjugend2.png","_links":{"self":[{"href":"https:\/\/sv-koerne83.de\/wordpress\/wp-json\/wp\/v2\/posts\/3017","targetHints":{"allow":["GET"]}}],"collection":[{"href":"https:\/\/sv-koerne83.de\/wordpress\/wp-json\/wp\/v2\/posts"}],"about":[{"href":"https:\/\/sv-koerne83.de\/wordpress\/wp-json\/wp\/v2\/types\/post"}],"author":[{"embeddable":true,"href":"https:\/\/sv-koerne83.de\/wordpress\/wp-json\/wp\/v2\/users\/2"}],"replies":[{"embeddable":true,"href":"https:\/\/sv-koerne83.de\/wordpress\/wp-json\/wp\/v2\/comments?post=3017"}],"version-history":[{"count":1,"href":"https:\/\/sv-koerne83.de\/wordpress\/wp-json\/wp\/v2\/posts\/3017\/revisions"}],"predecessor-version":[{"id":3019,"href":"https:\/\/sv-koerne83.de\/wordpress\/wp-json\/wp\/v2\/posts\/3017\/revisions\/3019"}],"wp:featuredmedia":[{"embeddable":true,"href":"https:\/\/sv-koerne83.de\/wordpress\/wp-json\/wp\/v2\/media\/3018"}],"wp:attachment":[{"href":"https:\/\/sv-koerne83.de\/wordpress\/wp-json\/wp\/v2\/media?parent=3017"}],"wp:term":[{"taxonomy":"category","embeddable":true,"href":"https:\/\/sv-koerne83.de\/wordpress\/wp-json\/wp\/v2\/categories?post=3017"},{"taxonomy":"post_tag","embeddable":true,"href":"https:\/\/sv-koerne83.de\/wordpress\/wp-json\/wp\/v2\/tags?post=3017"}],"curies":[{"name":"wp","href":"https:\/\/api.w.org\/{rel}","templated":true}]}}