{"id":3021,"date":"2023-09-27T09:37:44","date_gmt":"2023-09-27T07:37:44","guid":{"rendered":"https:\/\/sv-koerne83.de\/wordpress\/?p=3021"},"modified":"2023-09-27T09:37:45","modified_gmt":"2023-09-27T07:37:45","slug":"ein-sieg-zum-gruppensieg","status":"publish","type":"post","link":"https:\/\/sv-koerne83.de\/wordpress\/2023\/09\/27\/ein-sieg-zum-gruppensieg\/","title":{"rendered":"Ein Sieg zum Gruppensieg"},"content":{"rendered":"\n<p>Am Samstag kann unsere D1-Jugend mit einem Sieg gegen den Wambeler SV III den Gruppensieg in der Qualifikationsgruppe 11 einfahren. Die Mannschaft von Trainer Andreas Lorenz liegt aktuell mit einem Punkt Vorsprung vor dem SC Husen Kurl auf dem ersten Tabellenplatz. Die Wambeler stehen aktuell auf dem 5.Tabellenplatz.<\/p>\n\n\n\n<p>Ansto\u00df an der Sendstra\u00dfe in Wambel ist um 13.30 Uhr. Die Mannschaft freut sich \u00fcber eine riesengro\u00dfe Unterst\u00fctzung.<\/p>\n","protected":false},"excerpt":{"rendered":"<p>Am Samstag kann unsere D1-Jugend mit einem Sieg gegen den Wambeler SV III den Gruppensieg in der Qualifikationsgruppe 11 einfahren. Die Mannschaft von Trainer Andreas Lorenz liegt aktuell mit einem [&hellip;]<\/p>\n","protected":false},"author":2,"featured_media":3022,"comment_status":"closed","ping_status":"open","sticky":false,"template":"","format":"standard","meta":{"_jetpack_memberships_contains_paid_content":false,"footnotes":""},"categories":[1],"tags":[],"class_list":["post-3021","post","type-post","status-publish","format-standard","has-post-thumbnail","hentry","category-allgemein"],"jetpack_sharing_enabled":true,"jetpack_featured_media_url":"https:\/\/sv-koerne83.de\/wordpress\/wp-content\/uploads\/2023\/09\/SVK_Spieltagsankuendigung_2022_2023_djugend2.png","_links":{"self":[{"href":"https:\/\/sv-koerne83.de\/wordpress\/wp-json\/wp\/v2\/posts\/3021","targetHints":{"allow":["GET"]}}],"collection":[{"href":"https:\/\/sv-koerne83.de\/wordpress\/wp-json\/wp\/v2\/posts"}],"about":[{"href":"https:\/\/sv-koerne83.de\/wordpress\/wp-json\/wp\/v2\/types\/post"}],"author":[{"embeddable":true,"href":"https:\/\/sv-koerne83.de\/wordpress\/wp-json\/wp\/v2\/users\/2"}],"replies":[{"embeddable":true,"href":"https:\/\/sv-koerne83.de\/wordpress\/wp-json\/wp\/v2\/comments?post=3021"}],"version-history":[{"count":1,"href":"https:\/\/sv-koerne83.de\/wordpress\/wp-json\/wp\/v2\/posts\/3021\/revisions"}],"predecessor-version":[{"id":3023,"href":"https:\/\/sv-koerne83.de\/wordpress\/wp-json\/wp\/v2\/posts\/3021\/revisions\/3023"}],"wp:featuredmedia":[{"embeddable":true,"href":"https:\/\/sv-koerne83.de\/wordpress\/wp-json\/wp\/v2\/media\/3022"}],"wp:attachment":[{"href":"https:\/\/sv-koerne83.de\/wordpress\/wp-json\/wp\/v2\/media?parent=3021"}],"wp:term":[{"taxonomy":"category","embeddable":true,"href":"https:\/\/sv-koerne83.de\/wordpress\/wp-json\/wp\/v2\/categories?post=3021"},{"taxonomy":"post_tag","embeddable":true,"href":"https:\/\/sv-koerne83.de\/wordpress\/wp-json\/wp\/v2\/tags?post=3021"}],"curies":[{"name":"wp","href":"https:\/\/api.w.org\/{rel}","templated":true}]}}