{"id":3028,"date":"2023-09-28T09:28:41","date_gmt":"2023-09-28T07:28:41","guid":{"rendered":"https:\/\/sv-koerne83.de\/wordpress\/?p=3028"},"modified":"2023-09-28T09:28:41","modified_gmt":"2023-09-28T07:28:41","slug":"heimsieg-wird-benoetigt","status":"publish","type":"post","link":"https:\/\/sv-koerne83.de\/wordpress\/2023\/09\/28\/heimsieg-wird-benoetigt\/","title":{"rendered":"Heimsieg wird ben\u00f6tigt"},"content":{"rendered":"\n<p>Am Sonntag empf\u00e4ngt die 1. Mannschaft den Aufsteiger MSV Dortmund. Die Mannschaft aus dem Hoeschpark ist gut in die Saison gestartet und belegt aktuell mit 12 Punkten den 7. Tabellenplatz. Hinzukommt, dass der MSV lediglich im ersten Saisonspiel gegen den SV Berghofen eine Niederlage hinnehmen mussten. <\/p>\n\n\n\n<p>Unsere 1. Mannschaft steht aktuell auf dem 14. Tabellenplatz, welcher momentan ein direkter Abstiegsplatz ist. F\u00fcr das Team von Trainer Viktor Pusch gilt es, sich aus dem Tabellenkeller herauszuk\u00e4mpfen. Eine gro\u00dfe Unterst\u00fctzung ist notwendig, um die bevorstehende Aufgabe zu bewerkstelligen. <\/p>\n\n\n\n<p>Ansto\u00df am Winkelriedweg ist um 15.15 Uhr. Wir sehen uns im Affenk\u00e4fig! <\/p>\n","protected":false},"excerpt":{"rendered":"<p>Am Sonntag empf\u00e4ngt die 1. Mannschaft den Aufsteiger MSV Dortmund. Die Mannschaft aus dem Hoeschpark ist gut in die Saison gestartet und belegt aktuell mit 12 Punkten den 7. Tabellenplatz. [&hellip;]<\/p>\n","protected":false},"author":2,"featured_media":3029,"comment_status":"closed","ping_status":"open","sticky":false,"template":"","format":"standard","meta":{"_jetpack_memberships_contains_paid_content":false,"footnotes":""},"categories":[30,1],"tags":[],"class_list":["post-3028","post","type-post","status-publish","format-standard","has-post-thumbnail","hentry","category-1-mannschaft","category-allgemein"],"jetpack_sharing_enabled":true,"jetpack_featured_media_url":"https:\/\/sv-koerne83.de\/wordpress\/wp-content\/uploads\/2023\/09\/SVK_Spieltagsankuendigung_2022_2023_erste2.png","_links":{"self":[{"href":"https:\/\/sv-koerne83.de\/wordpress\/wp-json\/wp\/v2\/posts\/3028","targetHints":{"allow":["GET"]}}],"collection":[{"href":"https:\/\/sv-koerne83.de\/wordpress\/wp-json\/wp\/v2\/posts"}],"about":[{"href":"https:\/\/sv-koerne83.de\/wordpress\/wp-json\/wp\/v2\/types\/post"}],"author":[{"embeddable":true,"href":"https:\/\/sv-koerne83.de\/wordpress\/wp-json\/wp\/v2\/users\/2"}],"replies":[{"embeddable":true,"href":"https:\/\/sv-koerne83.de\/wordpress\/wp-json\/wp\/v2\/comments?post=3028"}],"version-history":[{"count":1,"href":"https:\/\/sv-koerne83.de\/wordpress\/wp-json\/wp\/v2\/posts\/3028\/revisions"}],"predecessor-version":[{"id":3030,"href":"https:\/\/sv-koerne83.de\/wordpress\/wp-json\/wp\/v2\/posts\/3028\/revisions\/3030"}],"wp:featuredmedia":[{"embeddable":true,"href":"https:\/\/sv-koerne83.de\/wordpress\/wp-json\/wp\/v2\/media\/3029"}],"wp:attachment":[{"href":"https:\/\/sv-koerne83.de\/wordpress\/wp-json\/wp\/v2\/media?parent=3028"}],"wp:term":[{"taxonomy":"category","embeddable":true,"href":"https:\/\/sv-koerne83.de\/wordpress\/wp-json\/wp\/v2\/categories?post=3028"},{"taxonomy":"post_tag","embeddable":true,"href":"https:\/\/sv-koerne83.de\/wordpress\/wp-json\/wp\/v2\/tags?post=3028"}],"curies":[{"name":"wp","href":"https:\/\/api.w.org\/{rel}","templated":true}]}}