{"id":3031,"date":"2023-09-29T15:43:45","date_gmt":"2023-09-29T13:43:45","guid":{"rendered":"https:\/\/sv-koerne83.de\/wordpress\/?p=3031"},"modified":"2023-09-29T15:43:45","modified_gmt":"2023-09-29T13:43:45","slug":"spitzenreiter-zu-gast-im-affenkaefig","status":"publish","type":"post","link":"https:\/\/sv-koerne83.de\/wordpress\/2023\/09\/29\/spitzenreiter-zu-gast-im-affenkaefig\/","title":{"rendered":"Spitzenreiter zu Gast im Affenk\u00e4fig"},"content":{"rendered":"\n<p>Die 2. Mannschaft empf\u00e4ngt am Sonntag den Spitzenreiter der Kreisliga B Gruppe 4. Die Zweitvertretung der Dortmunder L\u00f6wen reist mit breiter Brust an. Das Team von Trainer Marian Gruhn gewann bis jetzt alle Spiele und erzielte nach 6 Spieltagen bereits 30 Tore. Unsere 2. Mannschaft steht aktuell auf dem 6. Tabellenplatz und stellt mit Falco Lieschke den besten Torsch\u00fctzen der Liga. Ansto\u00df am Winkelriedweg ist um 13.00 Uhr. Wir sehen uns im Affenk\u00e4fig!<\/p>\n","protected":false},"excerpt":{"rendered":"<p>Die 2. Mannschaft empf\u00e4ngt am Sonntag den Spitzenreiter der Kreisliga B Gruppe 4. Die Zweitvertretung der Dortmunder L\u00f6wen reist mit breiter Brust an. Das Team von Trainer Marian Gruhn gewann [&hellip;]<\/p>\n","protected":false},"author":2,"featured_media":3032,"comment_status":"closed","ping_status":"open","sticky":false,"template":"","format":"standard","meta":{"_jetpack_memberships_contains_paid_content":false,"footnotes":""},"categories":[31,1],"tags":[],"class_list":["post-3031","post","type-post","status-publish","format-standard","has-post-thumbnail","hentry","category-2-mannschaft","category-allgemein"],"jetpack_sharing_enabled":true,"jetpack_featured_media_url":"https:\/\/sv-koerne83.de\/wordpress\/wp-content\/uploads\/2023\/09\/SVK_Spieltagsankuendigung_2022_2023_zweite2.png","_links":{"self":[{"href":"https:\/\/sv-koerne83.de\/wordpress\/wp-json\/wp\/v2\/posts\/3031","targetHints":{"allow":["GET"]}}],"collection":[{"href":"https:\/\/sv-koerne83.de\/wordpress\/wp-json\/wp\/v2\/posts"}],"about":[{"href":"https:\/\/sv-koerne83.de\/wordpress\/wp-json\/wp\/v2\/types\/post"}],"author":[{"embeddable":true,"href":"https:\/\/sv-koerne83.de\/wordpress\/wp-json\/wp\/v2\/users\/2"}],"replies":[{"embeddable":true,"href":"https:\/\/sv-koerne83.de\/wordpress\/wp-json\/wp\/v2\/comments?post=3031"}],"version-history":[{"count":3,"href":"https:\/\/sv-koerne83.de\/wordpress\/wp-json\/wp\/v2\/posts\/3031\/revisions"}],"predecessor-version":[{"id":3035,"href":"https:\/\/sv-koerne83.de\/wordpress\/wp-json\/wp\/v2\/posts\/3031\/revisions\/3035"}],"wp:featuredmedia":[{"embeddable":true,"href":"https:\/\/sv-koerne83.de\/wordpress\/wp-json\/wp\/v2\/media\/3032"}],"wp:attachment":[{"href":"https:\/\/sv-koerne83.de\/wordpress\/wp-json\/wp\/v2\/media?parent=3031"}],"wp:term":[{"taxonomy":"category","embeddable":true,"href":"https:\/\/sv-koerne83.de\/wordpress\/wp-json\/wp\/v2\/categories?post=3031"},{"taxonomy":"post_tag","embeddable":true,"href":"https:\/\/sv-koerne83.de\/wordpress\/wp-json\/wp\/v2\/tags?post=3031"}],"curies":[{"name":"wp","href":"https:\/\/api.w.org\/{rel}","templated":true}]}}