{"id":3049,"date":"2023-10-13T07:46:43","date_gmt":"2023-10-13T05:46:43","guid":{"rendered":"https:\/\/sv-koerne83.de\/wordpress\/?p=3049"},"modified":"2023-10-13T07:46:43","modified_gmt":"2023-10-13T05:46:43","slug":"der-knoten-muss-platzen","status":"publish","type":"post","link":"https:\/\/sv-koerne83.de\/wordpress\/2023\/10\/13\/der-knoten-muss-platzen\/","title":{"rendered":"Der Knoten muss platzen"},"content":{"rendered":"\n<p>Abstiegsplatz und erst einen Heimsieg, das ist die aktuelle Situation bei unserer 1. Mannschaft. Nun reist am Sonntag der Sechstplatzierte VfB L\u00fcnen in den Affenk\u00e4fig. <\/p>\n\n\n\n<p>Die &#8222;S\u00fcder&#8220; konnten in dieser Saison 5 Spiele f\u00fcr sich entscheiden und mussten 3 Niederlagen hinnehmen. F\u00fcr das Team von Trainer Viktor Pusch muss der Knoten langsam platzen. Gerade in der Defensive gilt es Stabilit\u00e4t zu erhalten. Mit 29 Gegentreffern stellt man die zweitschlechteste Abwehr der Liga. Gemeinsam gilt es, sich aus dem Tabellenkeller hochzuarbeiten. Unsere Mannschaft ben\u00f6tigt viel Unterst\u00fctzung, um diese schwere Aufgabe bew\u00e4ltigen zu k\u00f6nnen. Das Spiel wird am Sonntag um 15.15 Uhr am Winkelriedweg angepfiffen. Wir sehen uns im Affenk\u00e4fig!<\/p>\n","protected":false},"excerpt":{"rendered":"<p>Abstiegsplatz und erst einen Heimsieg, das ist die aktuelle Situation bei unserer 1. Mannschaft. Nun reist am Sonntag der Sechstplatzierte VfB L\u00fcnen in den Affenk\u00e4fig. Die &#8222;S\u00fcder&#8220; konnten in dieser [&hellip;]<\/p>\n","protected":false},"author":2,"featured_media":3050,"comment_status":"closed","ping_status":"open","sticky":false,"template":"","format":"standard","meta":{"_jetpack_memberships_contains_paid_content":false,"footnotes":""},"categories":[30,1],"tags":[],"class_list":["post-3049","post","type-post","status-publish","format-standard","has-post-thumbnail","hentry","category-1-mannschaft","category-allgemein"],"jetpack_sharing_enabled":true,"jetpack_featured_media_url":"https:\/\/sv-koerne83.de\/wordpress\/wp-content\/uploads\/2023\/10\/SVK_Spieltagsankuendigung_2022_2023_erste2.png","_links":{"self":[{"href":"https:\/\/sv-koerne83.de\/wordpress\/wp-json\/wp\/v2\/posts\/3049","targetHints":{"allow":["GET"]}}],"collection":[{"href":"https:\/\/sv-koerne83.de\/wordpress\/wp-json\/wp\/v2\/posts"}],"about":[{"href":"https:\/\/sv-koerne83.de\/wordpress\/wp-json\/wp\/v2\/types\/post"}],"author":[{"embeddable":true,"href":"https:\/\/sv-koerne83.de\/wordpress\/wp-json\/wp\/v2\/users\/2"}],"replies":[{"embeddable":true,"href":"https:\/\/sv-koerne83.de\/wordpress\/wp-json\/wp\/v2\/comments?post=3049"}],"version-history":[{"count":2,"href":"https:\/\/sv-koerne83.de\/wordpress\/wp-json\/wp\/v2\/posts\/3049\/revisions"}],"predecessor-version":[{"id":3053,"href":"https:\/\/sv-koerne83.de\/wordpress\/wp-json\/wp\/v2\/posts\/3049\/revisions\/3053"}],"wp:featuredmedia":[{"embeddable":true,"href":"https:\/\/sv-koerne83.de\/wordpress\/wp-json\/wp\/v2\/media\/3050"}],"wp:attachment":[{"href":"https:\/\/sv-koerne83.de\/wordpress\/wp-json\/wp\/v2\/media?parent=3049"}],"wp:term":[{"taxonomy":"category","embeddable":true,"href":"https:\/\/sv-koerne83.de\/wordpress\/wp-json\/wp\/v2\/categories?post=3049"},{"taxonomy":"post_tag","embeddable":true,"href":"https:\/\/sv-koerne83.de\/wordpress\/wp-json\/wp\/v2\/tags?post=3049"}],"curies":[{"name":"wp","href":"https:\/\/api.w.org\/{rel}","templated":true}]}}