{"id":305,"date":"2019-07-22T08:17:10","date_gmt":"2019-07-22T06:17:10","guid":{"rendered":"https:\/\/sv-koerne83.de\/wordpress\/?p=305"},"modified":"2019-07-22T08:17:10","modified_gmt":"2019-07-22T06:17:10","slug":"3-siege-1-niederlage","status":"publish","type":"post","link":"https:\/\/sv-koerne83.de\/wordpress\/2019\/07\/22\/3-siege-1-niederlage\/","title":{"rendered":"3 Siege &#8211; 1 Niederlage"},"content":{"rendered":"\n<p>Das Testspielwochenende fiel f\u00fcr die Seniorenmannschaften zum gr\u00f6\u00dften Teil positiv aus. <\/p>\n\n\n\n<p>Die 1. Mannschaft gewann gegen den TuS Eichlinghofen II mit 6:0. Andre Rech konnte das Team von Trainer Viktor Pusch in der 20. Minute mit 1:0 in F\u00fchrung schie\u00dfen. 7 Minuten sp\u00e4ter gelang dem Spielertrainer selbst das 2:0. Marc Grabemann erh\u00f6hte kurz vor der Pause auf 3:0. Nach dem Seitenwechsel konnten sich noch Andreas Schulze, Marcel J\u00fcrgens und erneut Viktor Pusch in die Torsch\u00fctzenliste eintragen. Die  Zusammenfassung  des Spiels k\u00f6nnt ihr euch auf <a rel=\"noreferrer noopener\" aria-label=\"Soccerwatch.tv (\u00f6ffnet in neuem Tab)\" href=\"https:\/\/soccerwatch.tv\/video\/26336\/highlight\" target=\"_blank\">Soccerwatch.tv<\/a> anschauen.<\/p>\n\n\n\n<p>Die 2. Mannschaft gewann bereits am Samstag Nachmittag gegen die 3. Mannschaft der Sportfreunde aus Brackel mit 4:1. Nach einem 1:0 R\u00fcckstand konnte Falco Lieschke postwenden zum 1:1 ausgleichen. In der 2. Halbzeit ging das Team vom Trainerduo Marian Gruhn und Mario Sopar durch ein Eigentor des Gastgebers mit 2:1 in F\u00fchrung. Den Schlusspunkt setze Soltan Mehi, der mit einem Doppelpack das 3:1 und das 4:1 erzielte. Die  Zusammenfassung  des Spiels k\u00f6nnt ihr euch auf <a rel=\"noreferrer noopener\" aria-label=\"Soccerwatch.tv (\u00f6ffnet in neuem Tab)\" href=\"https:\/\/soccerwatch.tv\/video\/26626\/highlight\" target=\"_blank\">Soccerwatch.tv<\/a> anschauen. <\/p>\n\n\n\n<p>Die 3. Mannschaft musste an diesem Wochenende leider eine Niederlage hinnehmen. Mit 6:0 verlor die Mannschaft gegen den FC Dortmund &#8217;18. Bereits zur Pause lag das Team vom Winkelriedweg mit 4:0 in R\u00fcckstand. Nach der Pause musste man noch 2 Gegentore hinnehmen, sodass am Ende ein 6:0 f\u00fcr den Gegner auf dem Papier stand. Die  Zusammenfassung  des Spiels k\u00f6nnt ihr euch auf <a rel=\"noreferrer noopener\" aria-label=\"Soccerwatch.tv (\u00f6ffnet in neuem Tab)\" href=\"https:\/\/soccerwatch.tv\/video\/26556\/highlight\" target=\"_blank\">Soccerwatch.tv<\/a> anschauen. <\/p>\n\n\n\n<p>Der 4. Mannschaft gelang ein 11:0 Kantersieg gegen die Zweitvertretung vom FC Dortmund &#8217;18. Dennis Kaul konnte sich 4-Mal in die Torsch\u00fctzenliste eintragen. Gerrit Weber traf 3 Mal. Dennis Pirro traf 2 Mal. Au\u00dferdem netzen Max Scherf und Jens Stricker den Ball noch ins gegnerische Tor ein. Die Zusammenfassung des Spiels k\u00f6nnt ihr euch auf <a rel=\"noreferrer noopener\" aria-label=\"Soccerwatch.tv (\u00f6ffnet in neuem Tab)\" href=\"https:\/\/soccerwatch.tv\/video\/26335\/highlight\" target=\"_blank\">Soccerwatch.tv<\/a> anschauen. <\/p>\n","protected":false},"excerpt":{"rendered":"<p>Das Testspielwochenende fiel f\u00fcr die Seniorenmannschaften zum gr\u00f6\u00dften Teil positiv aus. Die 1. Mannschaft gewann gegen den TuS Eichlinghofen II mit 6:0. Andre Rech konnte das Team von Trainer Viktor [&hellip;]<\/p>\n","protected":false},"author":2,"featured_media":67,"comment_status":"closed","ping_status":"open","sticky":false,"template":"","format":"standard","meta":{"_jetpack_memberships_contains_paid_content":false,"footnotes":""},"categories":[30,31,32,33,1],"tags":[],"class_list":["post-305","post","type-post","status-publish","format-standard","has-post-thumbnail","hentry","category-1-mannschaft","category-2-mannschaft","category-3-mannschaft","category-4-mannschaft","category-allgemein"],"jetpack_sharing_enabled":true,"jetpack_featured_media_url":"https:\/\/sv-koerne83.de\/wordpress\/wp-content\/uploads\/2019\/06\/Fotolia_66115658_M.jpg","_links":{"self":[{"href":"https:\/\/sv-koerne83.de\/wordpress\/wp-json\/wp\/v2\/posts\/305","targetHints":{"allow":["GET"]}}],"collection":[{"href":"https:\/\/sv-koerne83.de\/wordpress\/wp-json\/wp\/v2\/posts"}],"about":[{"href":"https:\/\/sv-koerne83.de\/wordpress\/wp-json\/wp\/v2\/types\/post"}],"author":[{"embeddable":true,"href":"https:\/\/sv-koerne83.de\/wordpress\/wp-json\/wp\/v2\/users\/2"}],"replies":[{"embeddable":true,"href":"https:\/\/sv-koerne83.de\/wordpress\/wp-json\/wp\/v2\/comments?post=305"}],"version-history":[{"count":1,"href":"https:\/\/sv-koerne83.de\/wordpress\/wp-json\/wp\/v2\/posts\/305\/revisions"}],"predecessor-version":[{"id":306,"href":"https:\/\/sv-koerne83.de\/wordpress\/wp-json\/wp\/v2\/posts\/305\/revisions\/306"}],"wp:featuredmedia":[{"embeddable":true,"href":"https:\/\/sv-koerne83.de\/wordpress\/wp-json\/wp\/v2\/media\/67"}],"wp:attachment":[{"href":"https:\/\/sv-koerne83.de\/wordpress\/wp-json\/wp\/v2\/media?parent=305"}],"wp:term":[{"taxonomy":"category","embeddable":true,"href":"https:\/\/sv-koerne83.de\/wordpress\/wp-json\/wp\/v2\/categories?post=305"},{"taxonomy":"post_tag","embeddable":true,"href":"https:\/\/sv-koerne83.de\/wordpress\/wp-json\/wp\/v2\/tags?post=305"}],"curies":[{"name":"wp","href":"https:\/\/api.w.org\/{rel}","templated":true}]}}