{"id":3056,"date":"2023-10-19T11:54:56","date_gmt":"2023-10-19T09:54:56","guid":{"rendered":"https:\/\/sv-koerne83.de\/wordpress\/?p=3056"},"modified":"2023-10-19T11:54:57","modified_gmt":"2023-10-19T09:54:57","slug":"drei-teams-in-den-aufstiegsrunden","status":"publish","type":"post","link":"https:\/\/sv-koerne83.de\/wordpress\/2023\/10\/19\/drei-teams-in-den-aufstiegsrunden\/","title":{"rendered":"Drei Teams in den Aufstiegsrunden"},"content":{"rendered":"\n<p>Ab Samstag beginnen die Hauptrunden bei den Jugendmannschaften. Von unseren Mannschaften spielen drei Teams in der h\u00f6chsten Hauptrunde (Staffel A), um den Aufstieg in die Sonderklasse, mit.<\/p>\n\n\n\n<p>Unsere E1-Jugend konnte sich als souver\u00e4ner Gruppensieger f\u00fcr die Hauptrunde A qualifizieren. Das Team vom Trainerduo Patrick Burckhardt und Patrick Meinert musste in der Qualifikationsrunde nicht einen Punkt abgeben und wurde alleiniger Gruppensieger. Ebenfalls Gruppensieger in ihrer Qualifikationsrunde wurde unsere D1-Jugend. Das Team von Trainer Andi Lorenz musste lediglich ein Unentschieden hinnehmen. Alle anderen Spiele konnte man gewinnen.<\/p>\n\n\n\n<p>Auch unsere C1-Jugend qualifizierte sich noch f\u00fcr die Hauptrunde A. Das Team von Trainer Tommi Meier musste zwei Niederlagen hinnehmen, gelangt jedoch trotz Tabellenplatz 3 in die Hauptrunde zum Aufstieg in die Sonderklasse.<\/p>\n\n\n\n<p>Die E1-Jugend trifft am Samstag im Heimspiel auf den SC Husen Kurl. Ansto\u00df ist um 11.15 Uhr. Die D1-Jugend spielt ebenfalls zu Hause und empf\u00e4ngt um 13.45 Uhr RW Barop. Unsere C1-Jugend startet ausw\u00e4rts im Goystadion und spielt um 13.15 Uhr gegen den VfL H\u00f6rde. Wir w\u00fcnschen allen Mannschaften viel Erfolg in ihrer Hauptrunde.<\/p>\n","protected":false},"excerpt":{"rendered":"<p>Ab Samstag beginnen die Hauptrunden bei den Jugendmannschaften. Von unseren Mannschaften spielen drei Teams in der h\u00f6chsten Hauptrunde (Staffel A), um den Aufstieg in die Sonderklasse, mit. Unsere E1-Jugend konnte [&hellip;]<\/p>\n","protected":false},"author":2,"featured_media":3055,"comment_status":"closed","ping_status":"open","sticky":false,"template":"","format":"standard","meta":{"_jetpack_memberships_contains_paid_content":false,"footnotes":""},"categories":[1,35],"tags":[],"class_list":["post-3056","post","type-post","status-publish","format-standard","has-post-thumbnail","hentry","category-allgemein","category-jugend"],"jetpack_sharing_enabled":true,"jetpack_featured_media_url":"https:\/\/sv-koerne83.de\/wordpress\/wp-content\/uploads\/2023\/10\/SVK_Spieltagsankuendigung_2022_2023_jugend2.png","_links":{"self":[{"href":"https:\/\/sv-koerne83.de\/wordpress\/wp-json\/wp\/v2\/posts\/3056","targetHints":{"allow":["GET"]}}],"collection":[{"href":"https:\/\/sv-koerne83.de\/wordpress\/wp-json\/wp\/v2\/posts"}],"about":[{"href":"https:\/\/sv-koerne83.de\/wordpress\/wp-json\/wp\/v2\/types\/post"}],"author":[{"embeddable":true,"href":"https:\/\/sv-koerne83.de\/wordpress\/wp-json\/wp\/v2\/users\/2"}],"replies":[{"embeddable":true,"href":"https:\/\/sv-koerne83.de\/wordpress\/wp-json\/wp\/v2\/comments?post=3056"}],"version-history":[{"count":1,"href":"https:\/\/sv-koerne83.de\/wordpress\/wp-json\/wp\/v2\/posts\/3056\/revisions"}],"predecessor-version":[{"id":3057,"href":"https:\/\/sv-koerne83.de\/wordpress\/wp-json\/wp\/v2\/posts\/3056\/revisions\/3057"}],"wp:featuredmedia":[{"embeddable":true,"href":"https:\/\/sv-koerne83.de\/wordpress\/wp-json\/wp\/v2\/media\/3055"}],"wp:attachment":[{"href":"https:\/\/sv-koerne83.de\/wordpress\/wp-json\/wp\/v2\/media?parent=3056"}],"wp:term":[{"taxonomy":"category","embeddable":true,"href":"https:\/\/sv-koerne83.de\/wordpress\/wp-json\/wp\/v2\/categories?post=3056"},{"taxonomy":"post_tag","embeddable":true,"href":"https:\/\/sv-koerne83.de\/wordpress\/wp-json\/wp\/v2\/tags?post=3056"}],"curies":[{"name":"wp","href":"https:\/\/api.w.org\/{rel}","templated":true}]}}