{"id":3069,"date":"2023-11-06T11:10:18","date_gmt":"2023-11-06T10:10:18","guid":{"rendered":"https:\/\/sv-koerne83.de\/wordpress\/?p=3069"},"modified":"2023-11-06T11:10:19","modified_gmt":"2023-11-06T10:10:19","slug":"tolle-gaeste-im-demir-kreispokal","status":"publish","type":"post","link":"https:\/\/sv-koerne83.de\/wordpress\/2023\/11\/06\/tolle-gaeste-im-demir-kreispokal\/","title":{"rendered":"Tolle G\u00e4ste im Demir Kreispokal"},"content":{"rendered":"\n<p>Am Wochende bescherte uns die Auslosung im Demir Kreispokal tolle Gegner. In der dritten Pokalrunde bei den Herren empf\u00e4ngt unsere 1. Mannschaft den Oberligisten TuS B\u00f6vinghausen. &#8222;Ich freue mich voll. Geile Erfahung!&#8220;, kommentierte Viktor Pusch das Los.<\/p>\n\n\n\n<p>Auch auf unser Frauenteam wartet ein Hammerlos. Die Frauenmannschaft von Borussia Dortmund ist zum zweiten Mal zu Gast im Affenk\u00e4fig. Bereits vor zwei Jahren spielten die BVB-Frauen am Winkelriedweg, damals noch als Kreisligist. Aktuell belegt der BVB den 1. Tabellenplatz in der Landesliga.<\/p>\n\n\n\n<p>Wir freuen uns auf interessante Duelle. Die genauen Spieltermine werden noch rechtzeitig bekannt gegeben. Schon jetzt k\u00f6nnen wir unseren G\u00e4sten sagen: HERZLICH WILLKOMMEN IM AFFENK\u00c4FIG!<\/p>\n","protected":false},"excerpt":{"rendered":"<p>Am Wochende bescherte uns die Auslosung im Demir Kreispokal tolle Gegner. In der dritten Pokalrunde bei den Herren empf\u00e4ngt unsere 1. Mannschaft den Oberligisten TuS B\u00f6vinghausen. &#8222;Ich freue mich voll. [&hellip;]<\/p>\n","protected":false},"author":2,"featured_media":3070,"comment_status":"closed","ping_status":"open","sticky":false,"template":"","format":"standard","meta":{"_jetpack_memberships_contains_paid_content":false,"footnotes":""},"categories":[30,1,45],"tags":[],"class_list":["post-3069","post","type-post","status-publish","format-standard","has-post-thumbnail","hentry","category-1-mannschaft","category-allgemein","category-frauen"],"jetpack_sharing_enabled":true,"jetpack_featured_media_url":"https:\/\/sv-koerne83.de\/wordpress\/wp-content\/uploads\/2023\/11\/SVK_Spieltagsankuendigung_2022_2023_demirkreispokal2.png","_links":{"self":[{"href":"https:\/\/sv-koerne83.de\/wordpress\/wp-json\/wp\/v2\/posts\/3069","targetHints":{"allow":["GET"]}}],"collection":[{"href":"https:\/\/sv-koerne83.de\/wordpress\/wp-json\/wp\/v2\/posts"}],"about":[{"href":"https:\/\/sv-koerne83.de\/wordpress\/wp-json\/wp\/v2\/types\/post"}],"author":[{"embeddable":true,"href":"https:\/\/sv-koerne83.de\/wordpress\/wp-json\/wp\/v2\/users\/2"}],"replies":[{"embeddable":true,"href":"https:\/\/sv-koerne83.de\/wordpress\/wp-json\/wp\/v2\/comments?post=3069"}],"version-history":[{"count":1,"href":"https:\/\/sv-koerne83.de\/wordpress\/wp-json\/wp\/v2\/posts\/3069\/revisions"}],"predecessor-version":[{"id":3071,"href":"https:\/\/sv-koerne83.de\/wordpress\/wp-json\/wp\/v2\/posts\/3069\/revisions\/3071"}],"wp:featuredmedia":[{"embeddable":true,"href":"https:\/\/sv-koerne83.de\/wordpress\/wp-json\/wp\/v2\/media\/3070"}],"wp:attachment":[{"href":"https:\/\/sv-koerne83.de\/wordpress\/wp-json\/wp\/v2\/media?parent=3069"}],"wp:term":[{"taxonomy":"category","embeddable":true,"href":"https:\/\/sv-koerne83.de\/wordpress\/wp-json\/wp\/v2\/categories?post=3069"},{"taxonomy":"post_tag","embeddable":true,"href":"https:\/\/sv-koerne83.de\/wordpress\/wp-json\/wp\/v2\/tags?post=3069"}],"curies":[{"name":"wp","href":"https:\/\/api.w.org\/{rel}","templated":true}]}}