{"id":3072,"date":"2023-11-07T09:09:58","date_gmt":"2023-11-07T08:09:58","guid":{"rendered":"https:\/\/sv-koerne83.de\/wordpress\/?p=3072"},"modified":"2023-11-07T09:09:58","modified_gmt":"2023-11-07T08:09:58","slug":"affenkaefig-goes-halle-nord","status":"publish","type":"post","link":"https:\/\/sv-koerne83.de\/wordpress\/2023\/11\/07\/affenkaefig-goes-halle-nord\/","title":{"rendered":"Affenk\u00e4fig goes Halle Nord"},"content":{"rendered":"\n<p>Am gestrigen Abend fand in der Helmut-K\u00f6rnig-Halle die Auslosung zur diesj\u00e4hrigen Hallenstadtmeisterschaft statt. Die Losfee, DFB-Pr\u00e4sident Bernd Neuendorf, zog sowohl die Gruppeneinteilung bei den Herren, wie auch bei den Frauen. Sowohl unsere 1. Mannschaft wie auch unser Frauenteam werden in der Halle Nord die Vorrunde bestreiten.<\/p>\n\n\n\n<p>Unsere 1. Mannschaft tritt am 30.12.2023 zur Vorrunde an. In der zugelosten Dreiergruppe wartet der Ligakonkurrent TV Brechten und der B-Ligist RW Balikesirspor. F\u00fcr die Zwischenrunde qualifizieren sich alle Gruppensieger sowie die Gewinner der Entscheidungsspiele.<\/p>\n\n\n\n<p>Unser Frauenteam tritt am 03.01.2024 zur Vorrunde an. Das Team erwartet in einer Sechsergruppe folgende Gegner. TuS Esborn (Kreisliga B), TSG Fu\u00dfb. Herdecke (Kreisliga B), SG L\u00fctgendortmund (Kreisliga A), SF S\u00f6lderholz (Bezirksliga), TV Brechten (Landesliga). F\u00fcr die Endrunde qualifizieren sich alle Gruppensieger und Zweiten.<\/p>\n","protected":false},"excerpt":{"rendered":"<p>Am gestrigen Abend fand in der Helmut-K\u00f6rnig-Halle die Auslosung zur diesj\u00e4hrigen Hallenstadtmeisterschaft statt. Die Losfee, DFB-Pr\u00e4sident Bernd Neuendorf, zog sowohl die Gruppeneinteilung bei den Herren, wie auch bei den Frauen. [&hellip;]<\/p>\n","protected":false},"author":2,"featured_media":3073,"comment_status":"closed","ping_status":"open","sticky":false,"template":"","format":"standard","meta":{"_jetpack_memberships_contains_paid_content":false,"footnotes":""},"categories":[30,1,45],"tags":[],"class_list":["post-3072","post","type-post","status-publish","format-standard","has-post-thumbnail","hentry","category-1-mannschaft","category-allgemein","category-frauen"],"jetpack_sharing_enabled":true,"jetpack_featured_media_url":"https:\/\/sv-koerne83.de\/wordpress\/wp-content\/uploads\/2023\/11\/SVK_Spieltagsankuendigung_2022_2023_halle2.png","_links":{"self":[{"href":"https:\/\/sv-koerne83.de\/wordpress\/wp-json\/wp\/v2\/posts\/3072","targetHints":{"allow":["GET"]}}],"collection":[{"href":"https:\/\/sv-koerne83.de\/wordpress\/wp-json\/wp\/v2\/posts"}],"about":[{"href":"https:\/\/sv-koerne83.de\/wordpress\/wp-json\/wp\/v2\/types\/post"}],"author":[{"embeddable":true,"href":"https:\/\/sv-koerne83.de\/wordpress\/wp-json\/wp\/v2\/users\/2"}],"replies":[{"embeddable":true,"href":"https:\/\/sv-koerne83.de\/wordpress\/wp-json\/wp\/v2\/comments?post=3072"}],"version-history":[{"count":1,"href":"https:\/\/sv-koerne83.de\/wordpress\/wp-json\/wp\/v2\/posts\/3072\/revisions"}],"predecessor-version":[{"id":3074,"href":"https:\/\/sv-koerne83.de\/wordpress\/wp-json\/wp\/v2\/posts\/3072\/revisions\/3074"}],"wp:featuredmedia":[{"embeddable":true,"href":"https:\/\/sv-koerne83.de\/wordpress\/wp-json\/wp\/v2\/media\/3073"}],"wp:attachment":[{"href":"https:\/\/sv-koerne83.de\/wordpress\/wp-json\/wp\/v2\/media?parent=3072"}],"wp:term":[{"taxonomy":"category","embeddable":true,"href":"https:\/\/sv-koerne83.de\/wordpress\/wp-json\/wp\/v2\/categories?post=3072"},{"taxonomy":"post_tag","embeddable":true,"href":"https:\/\/sv-koerne83.de\/wordpress\/wp-json\/wp\/v2\/tags?post=3072"}],"curies":[{"name":"wp","href":"https:\/\/api.w.org\/{rel}","templated":true}]}}