{"id":3092,"date":"2023-11-24T12:48:08","date_gmt":"2023-11-24T11:48:08","guid":{"rendered":"https:\/\/sv-koerne83.de\/wordpress\/?p=3092"},"modified":"2023-11-24T12:48:08","modified_gmt":"2023-11-24T11:48:08","slug":"grosse-spendenbereitschaft-am-gestrigen-abend","status":"publish","type":"post","link":"https:\/\/sv-koerne83.de\/wordpress\/2023\/11\/24\/grosse-spendenbereitschaft-am-gestrigen-abend\/","title":{"rendered":"Gro\u00dfe Spendenbereitschaft am gestrigen Abend"},"content":{"rendered":"\n<p>Am gestrigen Abend verlor unsere 1. Mannschaft das Derby gegen die Zweitvertretung von DJK TuS K\u00f6rne mit 2:1. Aus sportlicher Sicht, war es nat\u00fcrlich kein sch\u00f6ner Abend f\u00fcr den SVK. Dennoch freuen wir uns, dass wir durch die Eintrittsgelder und durch unsere Spendenboxen und Sparschweine eine Spendensumme, f\u00fcr die Familie von Irvin, in H\u00f6he von 945 Euro sammeln konnten. Der Verein wird die Summe auf 1000 Euro aufstocken und das Geld auf das Spendenkonto vom DJK TuS K\u00f6rne \u00fcberweisen.<\/p>\n","protected":false},"excerpt":{"rendered":"<p>Am gestrigen Abend verlor unsere 1. Mannschaft das Derby gegen die Zweitvertretung von DJK TuS K\u00f6rne mit 2:1. Aus sportlicher Sicht, war es nat\u00fcrlich kein sch\u00f6ner Abend f\u00fcr den SVK. [&hellip;]<\/p>\n","protected":false},"author":2,"featured_media":3093,"comment_status":"closed","ping_status":"open","sticky":false,"template":"","format":"standard","meta":{"_jetpack_memberships_contains_paid_content":false,"footnotes":""},"categories":[1],"tags":[],"class_list":["post-3092","post","type-post","status-publish","format-standard","has-post-thumbnail","hentry","category-allgemein"],"jetpack_sharing_enabled":true,"jetpack_featured_media_url":"https:\/\/sv-koerne83.de\/wordpress\/wp-content\/uploads\/2023\/11\/SVK_Spieltagsankuendigung_2022_2023_irvin2.png","_links":{"self":[{"href":"https:\/\/sv-koerne83.de\/wordpress\/wp-json\/wp\/v2\/posts\/3092","targetHints":{"allow":["GET"]}}],"collection":[{"href":"https:\/\/sv-koerne83.de\/wordpress\/wp-json\/wp\/v2\/posts"}],"about":[{"href":"https:\/\/sv-koerne83.de\/wordpress\/wp-json\/wp\/v2\/types\/post"}],"author":[{"embeddable":true,"href":"https:\/\/sv-koerne83.de\/wordpress\/wp-json\/wp\/v2\/users\/2"}],"replies":[{"embeddable":true,"href":"https:\/\/sv-koerne83.de\/wordpress\/wp-json\/wp\/v2\/comments?post=3092"}],"version-history":[{"count":1,"href":"https:\/\/sv-koerne83.de\/wordpress\/wp-json\/wp\/v2\/posts\/3092\/revisions"}],"predecessor-version":[{"id":3094,"href":"https:\/\/sv-koerne83.de\/wordpress\/wp-json\/wp\/v2\/posts\/3092\/revisions\/3094"}],"wp:featuredmedia":[{"embeddable":true,"href":"https:\/\/sv-koerne83.de\/wordpress\/wp-json\/wp\/v2\/media\/3093"}],"wp:attachment":[{"href":"https:\/\/sv-koerne83.de\/wordpress\/wp-json\/wp\/v2\/media?parent=3092"}],"wp:term":[{"taxonomy":"category","embeddable":true,"href":"https:\/\/sv-koerne83.de\/wordpress\/wp-json\/wp\/v2\/categories?post=3092"},{"taxonomy":"post_tag","embeddable":true,"href":"https:\/\/sv-koerne83.de\/wordpress\/wp-json\/wp\/v2\/tags?post=3092"}],"curies":[{"name":"wp","href":"https:\/\/api.w.org\/{rel}","templated":true}]}}