{"id":3098,"date":"2023-11-26T12:36:53","date_gmt":"2023-11-26T11:36:53","guid":{"rendered":"https:\/\/sv-koerne83.de\/wordpress\/?p=3098"},"modified":"2023-11-26T12:36:54","modified_gmt":"2023-11-26T11:36:54","slug":"oberligist-zu-gast-im-affenkaefig","status":"publish","type":"post","link":"https:\/\/sv-koerne83.de\/wordpress\/2023\/11\/26\/oberligist-zu-gast-im-affenkaefig\/","title":{"rendered":"Oberligist zu Gast im Affenk\u00e4fig"},"content":{"rendered":"\n<p>Am Dienstagabend trifft unsere 1. Mannschaft in der 3. Runde im Demir Kreispokal auf den Oberligisten TuS B\u00f6vinghausen. Die B\u00f6vinghauser spielen ihre 2. Saison in der Oberliga und standen in der letzten Saison kurz vor dem Aufstieg in die Regionalliga. In dieser Saison belegt das Team aus dem Dortmunder Westen aktuell den 10. Tabellenplatz. Ein tolles Erlebnis f\u00fcr unsere Spieler sich einmal mit Oberligaspielern messen zu k\u00f6nnen. Wir freuen uns auf das Spiel und hei\u00dfen den TuS B\u00f6vinghausen recht herzlich Willkommen im Affenk\u00e4fig. Ansto\u00df am Winkelriedweg ist um 19.30 Uhr. Der Eintritt kostet 4 Euro (Erwachsene). Wir sehen uns im Affenk\u00e4fig!<\/p>\n","protected":false},"excerpt":{"rendered":"<p>Am Dienstagabend trifft unsere 1. Mannschaft in der 3. Runde im Demir Kreispokal auf den Oberligisten TuS B\u00f6vinghausen. Die B\u00f6vinghauser spielen ihre 2. Saison in der Oberliga und standen in [&hellip;]<\/p>\n","protected":false},"author":2,"featured_media":3099,"comment_status":"closed","ping_status":"open","sticky":false,"template":"","format":"standard","meta":{"_jetpack_memberships_contains_paid_content":false,"footnotes":""},"categories":[30,1],"tags":[],"class_list":["post-3098","post","type-post","status-publish","format-standard","has-post-thumbnail","hentry","category-1-mannschaft","category-allgemein"],"jetpack_sharing_enabled":true,"jetpack_featured_media_url":"https:\/\/sv-koerne83.de\/wordpress\/wp-content\/uploads\/2023\/11\/SVK_Spieltagsankuendigung_2022_2023_demirkreispokal2-1.png","_links":{"self":[{"href":"https:\/\/sv-koerne83.de\/wordpress\/wp-json\/wp\/v2\/posts\/3098","targetHints":{"allow":["GET"]}}],"collection":[{"href":"https:\/\/sv-koerne83.de\/wordpress\/wp-json\/wp\/v2\/posts"}],"about":[{"href":"https:\/\/sv-koerne83.de\/wordpress\/wp-json\/wp\/v2\/types\/post"}],"author":[{"embeddable":true,"href":"https:\/\/sv-koerne83.de\/wordpress\/wp-json\/wp\/v2\/users\/2"}],"replies":[{"embeddable":true,"href":"https:\/\/sv-koerne83.de\/wordpress\/wp-json\/wp\/v2\/comments?post=3098"}],"version-history":[{"count":2,"href":"https:\/\/sv-koerne83.de\/wordpress\/wp-json\/wp\/v2\/posts\/3098\/revisions"}],"predecessor-version":[{"id":3101,"href":"https:\/\/sv-koerne83.de\/wordpress\/wp-json\/wp\/v2\/posts\/3098\/revisions\/3101"}],"wp:featuredmedia":[{"embeddable":true,"href":"https:\/\/sv-koerne83.de\/wordpress\/wp-json\/wp\/v2\/media\/3099"}],"wp:attachment":[{"href":"https:\/\/sv-koerne83.de\/wordpress\/wp-json\/wp\/v2\/media?parent=3098"}],"wp:term":[{"taxonomy":"category","embeddable":true,"href":"https:\/\/sv-koerne83.de\/wordpress\/wp-json\/wp\/v2\/categories?post=3098"},{"taxonomy":"post_tag","embeddable":true,"href":"https:\/\/sv-koerne83.de\/wordpress\/wp-json\/wp\/v2\/tags?post=3098"}],"curies":[{"name":"wp","href":"https:\/\/api.w.org\/{rel}","templated":true}]}}