{"id":3102,"date":"2023-11-27T08:40:43","date_gmt":"2023-11-27T07:40:43","guid":{"rendered":"https:\/\/sv-koerne83.de\/wordpress\/?p=3102"},"modified":"2023-11-27T08:40:43","modified_gmt":"2023-11-27T07:40:43","slug":"frauen-empfangen-den-bvb-2","status":"publish","type":"post","link":"https:\/\/sv-koerne83.de\/wordpress\/2023\/11\/27\/frauen-empfangen-den-bvb-2\/","title":{"rendered":"Frauen empfangen den BVB"},"content":{"rendered":"\n<p>In der 1. Runde vom diesj\u00e4hrigen Demir Kreispokal der Frauen empf\u00e4ngt unser Team am Mittwochabend die Mannschaft von Borussia Dortmund. Die BVB-Frauen spielen in der Landesliga und sind dort als Tabellenf\u00fchrer Herbstmeister geworden. Das letzte Heimspiel gegen den BVB fand vor 2 Jahren statt. Hier verlor unser Frauenteam mit 5:0. Wir freuen uns den BVB erneut im Affenk\u00e4fig begr\u00fc\u00dfen zu d\u00fcrfen und hei\u00dfen sie recht herzlich Willkommen. Ansto\u00df der Partie ist am Mittwoch um 19.30 Uhr. Der Eintritt kostet 4 Euro (Erwachsene). Wir sehen uns im Affenk\u00e4fig!<\/p>\n\n\n\n<p>Bitte beachtet, dass die Parkplatzsituation bei uns am Platz sehr begrenzt ist. Ein Parken auf dem angrenzenden Schulhof ist nicht gestattet. Wir empfehlen die Anreise mit \u00f6ffentlichen Verkehrsmitteln.<\/p>\n","protected":false},"excerpt":{"rendered":"<p>In der 1. Runde vom diesj\u00e4hrigen Demir Kreispokal der Frauen empf\u00e4ngt unser Team am Mittwochabend die Mannschaft von Borussia Dortmund. Die BVB-Frauen spielen in der Landesliga und sind dort als [&hellip;]<\/p>\n","protected":false},"author":2,"featured_media":3103,"comment_status":"closed","ping_status":"open","sticky":false,"template":"","format":"standard","meta":{"_jetpack_memberships_contains_paid_content":false,"footnotes":""},"categories":[1,45],"tags":[],"class_list":["post-3102","post","type-post","status-publish","format-standard","has-post-thumbnail","hentry","category-allgemein","category-frauen"],"jetpack_sharing_enabled":true,"jetpack_featured_media_url":"https:\/\/sv-koerne83.de\/wordpress\/wp-content\/uploads\/2023\/11\/SVK_Spieltagsankuendigung_2022_2023_demirkreispokal_frauen2.png","_links":{"self":[{"href":"https:\/\/sv-koerne83.de\/wordpress\/wp-json\/wp\/v2\/posts\/3102","targetHints":{"allow":["GET"]}}],"collection":[{"href":"https:\/\/sv-koerne83.de\/wordpress\/wp-json\/wp\/v2\/posts"}],"about":[{"href":"https:\/\/sv-koerne83.de\/wordpress\/wp-json\/wp\/v2\/types\/post"}],"author":[{"embeddable":true,"href":"https:\/\/sv-koerne83.de\/wordpress\/wp-json\/wp\/v2\/users\/2"}],"replies":[{"embeddable":true,"href":"https:\/\/sv-koerne83.de\/wordpress\/wp-json\/wp\/v2\/comments?post=3102"}],"version-history":[{"count":1,"href":"https:\/\/sv-koerne83.de\/wordpress\/wp-json\/wp\/v2\/posts\/3102\/revisions"}],"predecessor-version":[{"id":3104,"href":"https:\/\/sv-koerne83.de\/wordpress\/wp-json\/wp\/v2\/posts\/3102\/revisions\/3104"}],"wp:featuredmedia":[{"embeddable":true,"href":"https:\/\/sv-koerne83.de\/wordpress\/wp-json\/wp\/v2\/media\/3103"}],"wp:attachment":[{"href":"https:\/\/sv-koerne83.de\/wordpress\/wp-json\/wp\/v2\/media?parent=3102"}],"wp:term":[{"taxonomy":"category","embeddable":true,"href":"https:\/\/sv-koerne83.de\/wordpress\/wp-json\/wp\/v2\/categories?post=3102"},{"taxonomy":"post_tag","embeddable":true,"href":"https:\/\/sv-koerne83.de\/wordpress\/wp-json\/wp\/v2\/tags?post=3102"}],"curies":[{"name":"wp","href":"https:\/\/api.w.org\/{rel}","templated":true}]}}