{"id":3112,"date":"2023-12-06T09:55:23","date_gmt":"2023-12-06T08:55:23","guid":{"rendered":"https:\/\/sv-koerne83.de\/wordpress\/?p=3112"},"modified":"2023-12-06T09:55:24","modified_gmt":"2023-12-06T08:55:24","slug":"e-und-d-jugend-im-pokal","status":"publish","type":"post","link":"https:\/\/sv-koerne83.de\/wordpress\/2023\/12\/06\/e-und-d-jugend-im-pokal\/","title":{"rendered":"E- und D-Jugend im Pokal"},"content":{"rendered":"\n<p>Am Samstag findet das zweite Gruppenspiel im diesj\u00e4hrigen Kreispokal bei der E- und D-Jugend statt. Beide Teams sind nach ihren Auftaktniederlagen in Zugzwang und m\u00fcssen ihr zweites Spiel gewinnen, um weiterhin im Rennen f\u00fcr die K.O.-Spiele zu bleiben.<\/p>\n\n\n\n<p>Die D-Jugend trifft am Samstag auf den Ortsnachbarn \u00d6SG Viktoria 08. Die Viktorianer verloren das erste Spiel gegen den FC Merkur mit 4:1. Das Team von Andi Lorenz kann mit einem Sieg weiterhin auf die Qualifikation f\u00fcr die K.O.-Spiele hoffen. Ansto\u00df am Winkelriedweg ist um 13.30 Uhr.<\/p>\n\n\n\n<p>Die E-Jugend reist zum GW Kley und tritt dort zum zweiten Pokalspiel an. Das erste Spiel gegen Preu\u00dfen L\u00fcnen musste das Team leider absagen. Nun trifft man auf die Mannschaft von GW Kley, die ihre erste Partie mit 8:1 verloren. Ein Sieg f\u00fcr unsere E-Jugend sichert die Chance auf ein Weiterkommen in die K.O.-Phase. Ansto\u00df auf dem Sportplatz im Dorney ist um 10.00 Uhr.<\/p>\n","protected":false},"excerpt":{"rendered":"<p>Am Samstag findet das zweite Gruppenspiel im diesj\u00e4hrigen Kreispokal bei der E- und D-Jugend statt. Beide Teams sind nach ihren Auftaktniederlagen in Zugzwang und m\u00fcssen ihr zweites Spiel gewinnen, um [&hellip;]<\/p>\n","protected":false},"author":2,"featured_media":3113,"comment_status":"closed","ping_status":"open","sticky":false,"template":"","format":"standard","meta":{"_jetpack_memberships_contains_paid_content":false,"footnotes":""},"categories":[1,35],"tags":[],"class_list":["post-3112","post","type-post","status-publish","format-standard","has-post-thumbnail","hentry","category-allgemein","category-jugend"],"jetpack_sharing_enabled":true,"jetpack_featured_media_url":"https:\/\/sv-koerne83.de\/wordpress\/wp-content\/uploads\/2023\/12\/SVK_Spieltagsankuendigung_2022_2023_ps2.png","_links":{"self":[{"href":"https:\/\/sv-koerne83.de\/wordpress\/wp-json\/wp\/v2\/posts\/3112","targetHints":{"allow":["GET"]}}],"collection":[{"href":"https:\/\/sv-koerne83.de\/wordpress\/wp-json\/wp\/v2\/posts"}],"about":[{"href":"https:\/\/sv-koerne83.de\/wordpress\/wp-json\/wp\/v2\/types\/post"}],"author":[{"embeddable":true,"href":"https:\/\/sv-koerne83.de\/wordpress\/wp-json\/wp\/v2\/users\/2"}],"replies":[{"embeddable":true,"href":"https:\/\/sv-koerne83.de\/wordpress\/wp-json\/wp\/v2\/comments?post=3112"}],"version-history":[{"count":1,"href":"https:\/\/sv-koerne83.de\/wordpress\/wp-json\/wp\/v2\/posts\/3112\/revisions"}],"predecessor-version":[{"id":3114,"href":"https:\/\/sv-koerne83.de\/wordpress\/wp-json\/wp\/v2\/posts\/3112\/revisions\/3114"}],"wp:featuredmedia":[{"embeddable":true,"href":"https:\/\/sv-koerne83.de\/wordpress\/wp-json\/wp\/v2\/media\/3113"}],"wp:attachment":[{"href":"https:\/\/sv-koerne83.de\/wordpress\/wp-json\/wp\/v2\/media?parent=3112"}],"wp:term":[{"taxonomy":"category","embeddable":true,"href":"https:\/\/sv-koerne83.de\/wordpress\/wp-json\/wp\/v2\/categories?post=3112"},{"taxonomy":"post_tag","embeddable":true,"href":"https:\/\/sv-koerne83.de\/wordpress\/wp-json\/wp\/v2\/tags?post=3112"}],"curies":[{"name":"wp","href":"https:\/\/api.w.org\/{rel}","templated":true}]}}