{"id":3115,"date":"2023-12-07T10:21:22","date_gmt":"2023-12-07T09:21:22","guid":{"rendered":"https:\/\/sv-koerne83.de\/wordpress\/?p=3115"},"modified":"2023-12-07T10:21:22","modified_gmt":"2023-12-07T09:21:22","slug":"auf-ein-neues-wichtiges-spiel-fuer-unsere-a-jugend","status":"publish","type":"post","link":"https:\/\/sv-koerne83.de\/wordpress\/2023\/12\/07\/auf-ein-neues-wichtiges-spiel-fuer-unsere-a-jugend\/","title":{"rendered":"Auf ein Neues &#8211; Wichtiges Spiel f\u00fcr unsere A-Jugend"},"content":{"rendered":"\n<p>Nachdem am vergangenen Sonntag der komplette Spieltag im Fu\u00dfballkreis Dortmund abgesagt wurde, bestreitet unsere A-Jugend nun an diesem Sonntag das Nachholspiel gegen den H\u00f6rder SC. <\/p>\n\n\n\n<p>Die H\u00f6rder stehen aktuell auf dem letzten Tabellenplatz. Unsere A-Jugend konnte nach einem holprigen Saisonstart schon einige Punkte sammeln und steht aktuell auf dem 10. Tabellenplatz. Mit einem Sieg gegen die H\u00f6rder kann man den Abstand zum Tabellenkeller weiter ausbauen. Die Mannschaft freut sich \u00fcber eine gro\u00dfe Unterst\u00fctzung.<\/p>\n\n\n\n<p>Ansto\u00df ist am Sonntag um 15.00 Uhr. Wir sehen uns im Affenk\u00e4fig!<\/p>\n","protected":false},"excerpt":{"rendered":"<p>Nachdem am vergangenen Sonntag der komplette Spieltag im Fu\u00dfballkreis Dortmund abgesagt wurde, bestreitet unsere A-Jugend nun an diesem Sonntag das Nachholspiel gegen den H\u00f6rder SC. Die H\u00f6rder stehen aktuell auf [&hellip;]<\/p>\n","protected":false},"author":2,"featured_media":3116,"comment_status":"closed","ping_status":"open","sticky":false,"template":"","format":"standard","meta":{"_jetpack_memberships_contains_paid_content":false,"footnotes":""},"categories":[1,35],"tags":[],"class_list":["post-3115","post","type-post","status-publish","format-standard","has-post-thumbnail","hentry","category-allgemein","category-jugend"],"jetpack_sharing_enabled":true,"jetpack_featured_media_url":"https:\/\/sv-koerne83.de\/wordpress\/wp-content\/uploads\/2023\/12\/SVK_Spieltagsankuendigung_2022_2023_ajgd2.png","_links":{"self":[{"href":"https:\/\/sv-koerne83.de\/wordpress\/wp-json\/wp\/v2\/posts\/3115","targetHints":{"allow":["GET"]}}],"collection":[{"href":"https:\/\/sv-koerne83.de\/wordpress\/wp-json\/wp\/v2\/posts"}],"about":[{"href":"https:\/\/sv-koerne83.de\/wordpress\/wp-json\/wp\/v2\/types\/post"}],"author":[{"embeddable":true,"href":"https:\/\/sv-koerne83.de\/wordpress\/wp-json\/wp\/v2\/users\/2"}],"replies":[{"embeddable":true,"href":"https:\/\/sv-koerne83.de\/wordpress\/wp-json\/wp\/v2\/comments?post=3115"}],"version-history":[{"count":1,"href":"https:\/\/sv-koerne83.de\/wordpress\/wp-json\/wp\/v2\/posts\/3115\/revisions"}],"predecessor-version":[{"id":3117,"href":"https:\/\/sv-koerne83.de\/wordpress\/wp-json\/wp\/v2\/posts\/3115\/revisions\/3117"}],"wp:featuredmedia":[{"embeddable":true,"href":"https:\/\/sv-koerne83.de\/wordpress\/wp-json\/wp\/v2\/media\/3116"}],"wp:attachment":[{"href":"https:\/\/sv-koerne83.de\/wordpress\/wp-json\/wp\/v2\/media?parent=3115"}],"wp:term":[{"taxonomy":"category","embeddable":true,"href":"https:\/\/sv-koerne83.de\/wordpress\/wp-json\/wp\/v2\/categories?post=3115"},{"taxonomy":"post_tag","embeddable":true,"href":"https:\/\/sv-koerne83.de\/wordpress\/wp-json\/wp\/v2\/tags?post=3115"}],"curies":[{"name":"wp","href":"https:\/\/api.w.org\/{rel}","templated":true}]}}